{"id":450,"date":"2022-03-11T13:59:00","date_gmt":"2022-03-11T17:59:00","guid":{"rendered":"https:\/\/pavulagemam.com.br\/?p=450"},"modified":"2022-05-06T14:06:14","modified_gmt":"2022-05-06T18:06:14","slug":"governo-do-estado-confirma-a-realizacao-do-festival-folclorico-de-parintins","status":"publish","type":"post","link":"https:\/\/jogodopoderam.com\/pavulagemam\/governo-do-estado-confirma-a-realizacao-do-festival-folclorico-de-parintins\/","title":{"rendered":"Governo do Estado confirma a realiza\u00e7\u00e3o do Festival Folcl\u00f3rico de Parintins"},"content":{"rendered":"\n<p class=\"has-text-align-center\"><strong><em>Os bumb\u00e1s e o munic\u00edpio sofreram perdas financeiras pelo cancelamento de dois anos consecutivos do maior evento folcl\u00f3rico do Estado<\/em><\/strong><\/p>\n\n\n\n<p>O an\u00fancio da realiza\u00e7\u00e3o do 55\u00ba Festival Folcl\u00f3rico de Parintins, ap\u00f3s dois anos, acendeu a expectativa de uma festa grandiosa e a maior de todos os tempos para os bois-bumb\u00e1s Caprichoso e Garantido. O governador Wilson Lima confirmou, nesta sexta-feira (11\/03), em cerim\u00f4nia no Teatro Amazonas, que a maior manifesta\u00e7\u00e3o cultural do Amazonas vai acontecer nos dias 24, 25 e 26 de junho.<\/p>\n\n\n\n<p>No evento, o Governo do Estado anunciou um aumento no repasse de 50% para as agremia\u00e7\u00f5es, em rela\u00e7\u00e3o a 2019, levando em considera\u00e7\u00e3o os impactos causados pela pandemia da Covid-19. Ao todo, R$ 10 milh\u00f5es ser\u00e3o repassados, sendo R$ 5 milh\u00f5es para cada associa\u00e7\u00e3o folcl\u00f3rica. A cerim\u00f4nia marcou tamb\u00e9m o an\u00fancio do patroc\u00ednio da Coca-Cola em 2022.<\/p>\n\n\n\n<div class=\"wp-block-image\"><figure class=\"aligncenter size-large\"><img fetchpriority=\"high\" decoding=\"async\" width=\"1024\" height=\"613\" src=\"https:\/\/pavulagemam.com.br\/wp-content\/uploads\/2022\/05\/festival-anuncio-3-11032022-1024x613.jpg\" alt=\"Presidentes do Caprichoso e Garantido presentes no an\u00fancio em evento no Teatro Amazonas\" class=\"wp-image-453\" srcset=\"https:\/\/jogodopoderam.com\/pavulagemam\/wp-content\/uploads\/2022\/05\/festival-anuncio-3-11032022-1024x613.jpg 1024w, https:\/\/jogodopoderam.com\/pavulagemam\/wp-content\/uploads\/2022\/05\/festival-anuncio-3-11032022-300x179.jpg 300w, https:\/\/jogodopoderam.com\/pavulagemam\/wp-content\/uploads\/2022\/05\/festival-anuncio-3-11032022-768x459.jpg 768w, https:\/\/jogodopoderam.com\/pavulagemam\/wp-content\/uploads\/2022\/05\/festival-anuncio-3-11032022.jpg 1170w\" sizes=\"(max-width: 1024px) 100vw, 1024px\" \/><figcaption>Presidentes do Caprichoso e Garantido presentes no an\u00fancio em evento no Teatro Amazonas<\/figcaption><\/figure><\/div>\n\n\n\n<p>De acordo com o secret\u00e1rio de Cultura e Economia Criativa, Marcos Apolo Muniz, o festival \u00e9 fundamental e vai al\u00e9m da festividade, isso porque movimenta uma cadeia econ\u00f4mica no interior que ficou totalmente prejudicada pela pandemia.<\/p>\n\n\n\n<p>\u201cN\u00f3s percebemos a efici\u00eancia do Governo do Amazonas nessa administra\u00e7\u00e3o, permitindo assim a realiza\u00e7\u00e3o do evento. A gente segue a determina\u00e7\u00e3o do governador Wilson Lima de neste ano fazer o que ser\u00e1, certamente, o maior festival de todos os tempos, levando n\u00e3o s\u00f3 o folclore, a tradi\u00e7\u00e3o do nosso estado, mas acima de tudo gerando trabalho, renda e qualidade de vida\u201d, afirmou o secret\u00e1rio de Cultura e Economia Criativa.<\/p>\n\n\n\n<h2 class=\"wp-block-heading\">RECOME\u00c7O<\/h2>\n\n\n\n<p>O presidente do boi-bumb\u00e1 Caprichoso, Jender Lobato, afirmou que a expectativa da na\u00e7\u00e3o azul e branca \u00e9 a maior poss\u00edvel. Para ele, o festival representa resist\u00eancia por meio da cultura, paix\u00e3o e milhares de vidas que dependem da realiza\u00e7\u00e3o do Festival de Parintins.<\/p>\n\n\n\n<p>\u201cO Caprichoso preparou um grande espet\u00e1culo. O Caprichoso trabalhou muito, fez campanha para que todo mundo usasse m\u00e1scara, campanha de vacina\u00e7\u00e3o dentro do curral, campanha para que a gente pudesse se proteger da Covid-19. Gra\u00e7as a Deus chegou o grande dia, esse dia vai ficar marcado na hist\u00f3ria como o dia do recome\u00e7o, o dia da recontagem do tempo que perdemos l\u00e1 atr\u00e1s\u201d, destacou Jender Lobato.<\/p>\n\n\n\n<div class=\"wp-block-image\"><figure class=\"aligncenter size-large\"><img decoding=\"async\" width=\"1024\" height=\"613\" src=\"https:\/\/pavulagemam.com.br\/wp-content\/uploads\/2022\/05\/festival-anuncio-6-11032022-1024x613.jpg\" alt=\"Caprichoso em evolu\u00e7\u00e3o no palco do imponente Teatro Amazonas\" class=\"wp-image-452\" srcset=\"https:\/\/jogodopoderam.com\/pavulagemam\/wp-content\/uploads\/2022\/05\/festival-anuncio-6-11032022-1024x613.jpg 1024w, https:\/\/jogodopoderam.com\/pavulagemam\/wp-content\/uploads\/2022\/05\/festival-anuncio-6-11032022-300x179.jpg 300w, https:\/\/jogodopoderam.com\/pavulagemam\/wp-content\/uploads\/2022\/05\/festival-anuncio-6-11032022-768x459.jpg 768w, https:\/\/jogodopoderam.com\/pavulagemam\/wp-content\/uploads\/2022\/05\/festival-anuncio-6-11032022.jpg 1170w\" sizes=\"(max-width: 1024px) 100vw, 1024px\" \/><figcaption>Caprichoso em evolu\u00e7\u00e3o no palco do imponente Teatro Amazonas<\/figcaption><\/figure><\/div>\n\n\n\n<p>O presidente do boi-bumb\u00e1 Garantido, Ant\u00f4nio Andrade, descreveu o momento como um dia de felicidade e esperan\u00e7a pelos dois anos sem o festival folcl\u00f3rico. Ele espera o maior festival de toda a hist\u00f3ria de Parintins.<\/p>\n\n\n\n<p>\u201cCom certeza vai ser (o maior festival). Primeiro de p\u00fablico, eu vejo aquela cidade lotada de gente e vejo tamb\u00e9m esses dois anos se transformando num momento. \u00c9 muita expectativa, muita vontade, muito querer, muita adrenalina tamb\u00e9m. E eu vejo um festival muito grande\u201d, enfatizou Ant\u00f4nio Andrade.<\/p>\n\n\n\n<h2 class=\"wp-block-heading\">PAIX\u00c3O<\/h2>\n\n\n\n<p>O estudante de Servi\u00e7o Social, Patrick Lira, 23, conta que o tempo sem festival foi um per\u00edodo dif\u00edcil para quem \u00e9 apaixonado por Parintins. Nascido em Manaus com fam\u00edlia parintinense, ele comparecia na festa desde 2017, antes da pandemia. Agora, a expectativa \u00e9 retornar para o que promete ser a maior edi\u00e7\u00e3o.<\/p>\n\n\n\n<p>\u201cA expectativa do festival este ano \u00e9 a maior poss\u00edvel. A gente realmente quer ir vacinado, todo mundo protegido, porque a gente quer reviver essa emo\u00e7\u00e3o. Toda a galera do Garantido est\u00e1 com essa expectativa. E eu acho que este ano o festival vai voltar como um dos maiores festivais dos \u00faltimos anos\u201d, declarou o estudante.<\/p>\n\n\n\n<div class=\"wp-block-image\"><figure class=\"aligncenter size-large\"><img decoding=\"async\" width=\"1024\" height=\"613\" src=\"https:\/\/pavulagemam.com.br\/wp-content\/uploads\/2022\/05\/festival-anuncio-9-11032022-1024x613.jpg\" alt=\"Garantido com sua sinhazinha e o boi com cora\u00e7\u00e3o na testa durante a apresenta\u00e7\u00e3o marcada pelo an\u00fancio do festival\" class=\"wp-image-451\" srcset=\"https:\/\/jogodopoderam.com\/pavulagemam\/wp-content\/uploads\/2022\/05\/festival-anuncio-9-11032022-1024x613.jpg 1024w, https:\/\/jogodopoderam.com\/pavulagemam\/wp-content\/uploads\/2022\/05\/festival-anuncio-9-11032022-300x179.jpg 300w, https:\/\/jogodopoderam.com\/pavulagemam\/wp-content\/uploads\/2022\/05\/festival-anuncio-9-11032022-768x459.jpg 768w, https:\/\/jogodopoderam.com\/pavulagemam\/wp-content\/uploads\/2022\/05\/festival-anuncio-9-11032022.jpg 1170w\" sizes=\"(max-width: 1024px) 100vw, 1024px\" \/><figcaption>Garantido com sua sinhazinha e o boi com cora\u00e7\u00e3o na testa durante a apresenta\u00e7\u00e3o marcada pelo an\u00fancio do festival<\/figcaption><\/figure><\/div>\n\n\n\n<p>A torcedora do Caprichoso, Clice Moura, 37, revela que nunca chegou a conhecer a ilha, mas em 2022 realizar\u00e1 o sonho de acompanhar de perto o espet\u00e1culo.<\/p>\n\n\n\n<p>\u201cAcho que a palavra que mais descreve vai ser emo\u00e7\u00e3o. Emo\u00e7\u00e3o de uma festa t\u00e3o bonita, de uma festa t\u00e3o rica e que ajuda muitas fam\u00edlias tamb\u00e9m, de v\u00e1rias maneiras. A gente vai estar l\u00e1 por aqueles que se foram, que todo ano participavam e este ano n\u00e3o v\u00e3o estar l\u00e1. Acho que emo\u00e7\u00e3o \u00e9 o que descreve tudo isso\u201d, disse a torcedora.<\/p>\n\n\n\n<p><em><strong>Fotos: Herick Pereira\/Divulga\u00e7\u00e3o\/Secom<\/strong><\/em><\/p>\n","protected":false},"excerpt":{"rendered":"<p>Os bumb\u00e1s e o munic\u00edpio sofreram perdas financeiras pelo cancelamento de dois anos consecutivos do maior evento folcl\u00f3rico do Estado O an\u00fancio da realiza\u00e7\u00e3o do 55\u00ba Festival Folcl\u00f3rico de Parintins, ap\u00f3s dois anos, acendeu a expectativa de uma festa grandiosa e a maior de todos os tempos para os bois-bumb\u00e1s Caprichoso e Garantido. O governador [&hellip;]<\/p>\n","protected":false},"author":1,"featured_media":454,"comment_status":"open","ping_status":"open","sticky":false,"template":"","format":"standard","meta":{"footnotes":""},"categories":[5],"tags":[],"class_list":["post-450","post","type-post","status-publish","format-standard","has-post-thumbnail","hentry","category-55-festival-folclorico-de-parintins","entry","has-media"],"yoast_head":"<!-- This site is optimized with the Yoast SEO plugin v27.0 - https:\/\/yoast.com\/product\/yoast-seo-wordpress\/ -->\n<title>Governo do Estado confirma a realiza\u00e7\u00e3o do Festival Folcl\u00f3rico de Parintins | Pavulagem AM<\/title>\n<meta name=\"robots\" content=\"index, follow, max-snippet:-1, max-image-preview:large, max-video-preview:-1\" \/>\n<link rel=\"canonical\" href=\"https:\/\/jogodopoderam.com\/pavulagemam\/governo-do-estado-confirma-a-realizacao-do-festival-folclorico-de-parintins\/\" \/>\n<meta property=\"og:locale\" content=\"pt_BR\" \/>\n<meta property=\"og:type\" content=\"article\" \/>\n<meta property=\"og:title\" content=\"Governo do Estado confirma a realiza\u00e7\u00e3o do Festival Folcl\u00f3rico de Parintins | Pavulagem AM\" \/>\n<meta property=\"og:description\" content=\"Os bumb\u00e1s e o munic\u00edpio sofreram perdas financeiras pelo cancelamento de dois anos consecutivos do maior evento folcl\u00f3rico do Estado O an\u00fancio da realiza\u00e7\u00e3o do 55\u00ba Festival Folcl\u00f3rico de Parintins, ap\u00f3s dois anos, acendeu a expectativa de uma festa grandiosa e a maior de todos os tempos para os bois-bumb\u00e1s Caprichoso e Garantido. O governador [&hellip;]\" \/>\n<meta property=\"og:url\" content=\"https:\/\/jogodopoderam.com\/pavulagemam\/governo-do-estado-confirma-a-realizacao-do-festival-folclorico-de-parintins\/\" \/>\n<meta property=\"og:site_name\" content=\"Pavulagem AM\" \/>\n<meta property=\"article:published_time\" content=\"2022-03-11T17:59:00+00:00\" \/>\n<meta property=\"article:modified_time\" content=\"2022-05-06T18:06:14+00:00\" \/>\n<meta property=\"og:image\" content=\"https:\/\/jogodopoderam.com\/pavulagemam\/wp-content\/uploads\/2022\/05\/festival-anuncio-1-11032022.jpg\" \/>\n\t<meta property=\"og:image:width\" content=\"1170\" \/>\n\t<meta property=\"og:image:height\" content=\"700\" \/>\n\t<meta property=\"og:image:type\" content=\"image\/jpeg\" \/>\n<meta name=\"author\" content=\"Reda\u00e7\u00e3o\" \/>\n<meta name=\"twitter:card\" content=\"summary_large_image\" \/>\n<meta name=\"twitter:label1\" content=\"Escrito por\" \/>\n\t<meta name=\"twitter:data1\" content=\"Reda\u00e7\u00e3o\" \/>\n\t<meta name=\"twitter:label2\" content=\"Est. tempo de leitura\" \/>\n\t<meta name=\"twitter:data2\" content=\"5 minutos\" \/>\n<script type=\"application\/ld+json\" class=\"yoast-schema-graph\">{\"@context\":\"https:\/\/schema.org\",\"@graph\":[{\"@type\":\"Article\",\"@id\":\"https:\/\/jogodopoderam.com\/pavulagemam\/governo-do-estado-confirma-a-realizacao-do-festival-folclorico-de-parintins\/#article\",\"isPartOf\":{\"@id\":\"https:\/\/jogodopoderam.com\/pavulagemam\/governo-do-estado-confirma-a-realizacao-do-festival-folclorico-de-parintins\/\"},\"author\":{\"name\":\"Reda\u00e7\u00e3o\",\"@id\":\"https:\/\/pavulagemam.com.br\/#\/schema\/person\/41d68b285d977f6bf083c624ade9e0b7\"},\"headline\":\"Governo do Estado confirma a realiza\u00e7\u00e3o do Festival Folcl\u00f3rico de Parintins\",\"datePublished\":\"2022-03-11T17:59:00+00:00\",\"dateModified\":\"2022-05-06T18:06:14+00:00\",\"mainEntityOfPage\":{\"@id\":\"https:\/\/jogodopoderam.com\/pavulagemam\/governo-do-estado-confirma-a-realizacao-do-festival-folclorico-de-parintins\/\"},\"wordCount\":753,\"commentCount\":0,\"publisher\":{\"@id\":\"https:\/\/pavulagemam.com.br\/#organization\"},\"image\":{\"@id\":\"https:\/\/jogodopoderam.com\/pavulagemam\/governo-do-estado-confirma-a-realizacao-do-festival-folclorico-de-parintins\/#primaryimage\"},\"thumbnailUrl\":\"https:\/\/jogodopoderam.com\/pavulagemam\/wp-content\/uploads\/2022\/05\/festival-anuncio-1-11032022.jpg\",\"articleSection\":[\"Festival Folcl\u00f3rico de Parintins\"],\"inLanguage\":\"pt-BR\",\"potentialAction\":[{\"@type\":\"CommentAction\",\"name\":\"Comment\",\"target\":[\"https:\/\/jogodopoderam.com\/pavulagemam\/governo-do-estado-confirma-a-realizacao-do-festival-folclorico-de-parintins\/#respond\"]}]},{\"@type\":\"WebPage\",\"@id\":\"https:\/\/jogodopoderam.com\/pavulagemam\/governo-do-estado-confirma-a-realizacao-do-festival-folclorico-de-parintins\/\",\"url\":\"https:\/\/jogodopoderam.com\/pavulagemam\/governo-do-estado-confirma-a-realizacao-do-festival-folclorico-de-parintins\/\",\"name\":\"Governo do Estado confirma a realiza\u00e7\u00e3o do Festival Folcl\u00f3rico de Parintins | Pavulagem AM\",\"isPartOf\":{\"@id\":\"https:\/\/pavulagemam.com.br\/#website\"},\"primaryImageOfPage\":{\"@id\":\"https:\/\/jogodopoderam.com\/pavulagemam\/governo-do-estado-confirma-a-realizacao-do-festival-folclorico-de-parintins\/#primaryimage\"},\"image\":{\"@id\":\"https:\/\/jogodopoderam.com\/pavulagemam\/governo-do-estado-confirma-a-realizacao-do-festival-folclorico-de-parintins\/#primaryimage\"},\"thumbnailUrl\":\"https:\/\/jogodopoderam.com\/pavulagemam\/wp-content\/uploads\/2022\/05\/festival-anuncio-1-11032022.jpg\",\"datePublished\":\"2022-03-11T17:59:00+00:00\",\"dateModified\":\"2022-05-06T18:06:14+00:00\",\"breadcrumb\":{\"@id\":\"https:\/\/jogodopoderam.com\/pavulagemam\/governo-do-estado-confirma-a-realizacao-do-festival-folclorico-de-parintins\/#breadcrumb\"},\"inLanguage\":\"pt-BR\",\"potentialAction\":[{\"@type\":\"ReadAction\",\"target\":[\"https:\/\/jogodopoderam.com\/pavulagemam\/governo-do-estado-confirma-a-realizacao-do-festival-folclorico-de-parintins\/\"]}]},{\"@type\":\"ImageObject\",\"inLanguage\":\"pt-BR\",\"@id\":\"https:\/\/jogodopoderam.com\/pavulagemam\/governo-do-estado-confirma-a-realizacao-do-festival-folclorico-de-parintins\/#primaryimage\",\"url\":\"https:\/\/jogodopoderam.com\/pavulagemam\/wp-content\/uploads\/2022\/05\/festival-anuncio-1-11032022.jpg\",\"contentUrl\":\"https:\/\/jogodopoderam.com\/pavulagemam\/wp-content\/uploads\/2022\/05\/festival-anuncio-1-11032022.jpg\",\"width\":1170,\"height\":700,\"caption\":\"Governador anuncia a realiza\u00e7\u00e3o do Festival de Parintins ap\u00f3s dois anos de cancelamento por causa da pandemia do Covid-19\"},{\"@type\":\"BreadcrumbList\",\"@id\":\"https:\/\/jogodopoderam.com\/pavulagemam\/governo-do-estado-confirma-a-realizacao-do-festival-folclorico-de-parintins\/#breadcrumb\",\"itemListElement\":[{\"@type\":\"ListItem\",\"position\":1,\"name\":\"In\u00edcio\",\"item\":\"https:\/\/jogodopoderam.com\/pavulagemam\/\"},{\"@type\":\"ListItem\",\"position\":2,\"name\":\"Governo do Estado confirma a realiza\u00e7\u00e3o do Festival Folcl\u00f3rico de Parintins\"}]},{\"@type\":\"WebSite\",\"@id\":\"https:\/\/pavulagemam.com.br\/#website\",\"url\":\"https:\/\/pavulagemam.com.br\/\",\"name\":\"Pavulagem AM\",\"description\":\"Cultura e Entretenimento\",\"publisher\":{\"@id\":\"https:\/\/pavulagemam.com.br\/#organization\"},\"potentialAction\":[{\"@type\":\"SearchAction\",\"target\":{\"@type\":\"EntryPoint\",\"urlTemplate\":\"https:\/\/pavulagemam.com.br\/?s={search_term_string}\"},\"query-input\":{\"@type\":\"PropertyValueSpecification\",\"valueRequired\":true,\"valueName\":\"search_term_string\"}}],\"inLanguage\":\"pt-BR\"},{\"@type\":\"Organization\",\"@id\":\"https:\/\/pavulagemam.com.br\/#organization\",\"name\":\"Pavulagem AM\",\"url\":\"https:\/\/pavulagemam.com.br\/\",\"logo\":{\"@type\":\"ImageObject\",\"inLanguage\":\"pt-BR\",\"@id\":\"https:\/\/pavulagemam.com.br\/#\/schema\/logo\/image\/\",\"url\":\"https:\/\/jogodopoderam.com\/pavulagemam\/wp-content\/uploads\/2022\/05\/logo-site.png\",\"contentUrl\":\"https:\/\/jogodopoderam.com\/pavulagemam\/wp-content\/uploads\/2022\/05\/logo-site.png\",\"width\":514,\"height\":120,\"caption\":\"Pavulagem AM\"},\"image\":{\"@id\":\"https:\/\/pavulagemam.com.br\/#\/schema\/logo\/image\/\"}},{\"@type\":\"Person\",\"@id\":\"https:\/\/pavulagemam.com.br\/#\/schema\/person\/41d68b285d977f6bf083c624ade9e0b7\",\"name\":\"Reda\u00e7\u00e3o\",\"image\":{\"@type\":\"ImageObject\",\"inLanguage\":\"pt-BR\",\"@id\":\"https:\/\/pavulagemam.com.br\/#\/schema\/person\/image\/\",\"url\":\"https:\/\/secure.gravatar.com\/avatar\/f1a64a0dcf1aa8ac28abaac3e2d8cbc6d3d26e7ecfe23c65434eab95e68d9cb2?s=96&d=mm&r=g\",\"contentUrl\":\"https:\/\/secure.gravatar.com\/avatar\/f1a64a0dcf1aa8ac28abaac3e2d8cbc6d3d26e7ecfe23c65434eab95e68d9cb2?s=96&d=mm&r=g\",\"caption\":\"Reda\u00e7\u00e3o\"},\"sameAs\":[\"https:\/\/jogodopoderam.com\/pavulagemam\"],\"url\":\"https:\/\/jogodopoderam.com\/pavulagemam\/author\/cel200\/\"}]}<\/script>\n<!-- \/ Yoast SEO plugin. -->","yoast_head_json":{"title":"Governo do Estado confirma a realiza\u00e7\u00e3o do Festival Folcl\u00f3rico de Parintins | Pavulagem AM","robots":{"index":"index","follow":"follow","max-snippet":"max-snippet:-1","max-image-preview":"max-image-preview:large","max-video-preview":"max-video-preview:-1"},"canonical":"https:\/\/jogodopoderam.com\/pavulagemam\/governo-do-estado-confirma-a-realizacao-do-festival-folclorico-de-parintins\/","og_locale":"pt_BR","og_type":"article","og_title":"Governo do Estado confirma a realiza\u00e7\u00e3o do Festival Folcl\u00f3rico de Parintins | Pavulagem AM","og_description":"Os bumb\u00e1s e o munic\u00edpio sofreram perdas financeiras pelo cancelamento de dois anos consecutivos do maior evento folcl\u00f3rico do Estado O an\u00fancio da realiza\u00e7\u00e3o do 55\u00ba Festival Folcl\u00f3rico de Parintins, ap\u00f3s dois anos, acendeu a expectativa de uma festa grandiosa e a maior de todos os tempos para os bois-bumb\u00e1s Caprichoso e Garantido. O governador [&hellip;]","og_url":"https:\/\/jogodopoderam.com\/pavulagemam\/governo-do-estado-confirma-a-realizacao-do-festival-folclorico-de-parintins\/","og_site_name":"Pavulagem AM","article_published_time":"2022-03-11T17:59:00+00:00","article_modified_time":"2022-05-06T18:06:14+00:00","og_image":[{"width":1170,"height":700,"url":"https:\/\/jogodopoderam.com\/pavulagemam\/wp-content\/uploads\/2022\/05\/festival-anuncio-1-11032022.jpg","type":"image\/jpeg"}],"author":"Reda\u00e7\u00e3o","twitter_card":"summary_large_image","twitter_misc":{"Escrito por":"Reda\u00e7\u00e3o","Est. tempo de leitura":"5 minutos"},"schema":{"@context":"https:\/\/schema.org","@graph":[{"@type":"Article","@id":"https:\/\/jogodopoderam.com\/pavulagemam\/governo-do-estado-confirma-a-realizacao-do-festival-folclorico-de-parintins\/#article","isPartOf":{"@id":"https:\/\/jogodopoderam.com\/pavulagemam\/governo-do-estado-confirma-a-realizacao-do-festival-folclorico-de-parintins\/"},"author":{"name":"Reda\u00e7\u00e3o","@id":"https:\/\/pavulagemam.com.br\/#\/schema\/person\/41d68b285d977f6bf083c624ade9e0b7"},"headline":"Governo do Estado confirma a realiza\u00e7\u00e3o do Festival Folcl\u00f3rico de Parintins","datePublished":"2022-03-11T17:59:00+00:00","dateModified":"2022-05-06T18:06:14+00:00","mainEntityOfPage":{"@id":"https:\/\/jogodopoderam.com\/pavulagemam\/governo-do-estado-confirma-a-realizacao-do-festival-folclorico-de-parintins\/"},"wordCount":753,"commentCount":0,"publisher":{"@id":"https:\/\/pavulagemam.com.br\/#organization"},"image":{"@id":"https:\/\/jogodopoderam.com\/pavulagemam\/governo-do-estado-confirma-a-realizacao-do-festival-folclorico-de-parintins\/#primaryimage"},"thumbnailUrl":"https:\/\/jogodopoderam.com\/pavulagemam\/wp-content\/uploads\/2022\/05\/festival-anuncio-1-11032022.jpg","articleSection":["Festival Folcl\u00f3rico de Parintins"],"inLanguage":"pt-BR","potentialAction":[{"@type":"CommentAction","name":"Comment","target":["https:\/\/jogodopoderam.com\/pavulagemam\/governo-do-estado-confirma-a-realizacao-do-festival-folclorico-de-parintins\/#respond"]}]},{"@type":"WebPage","@id":"https:\/\/jogodopoderam.com\/pavulagemam\/governo-do-estado-confirma-a-realizacao-do-festival-folclorico-de-parintins\/","url":"https:\/\/jogodopoderam.com\/pavulagemam\/governo-do-estado-confirma-a-realizacao-do-festival-folclorico-de-parintins\/","name":"Governo do Estado confirma a realiza\u00e7\u00e3o do Festival Folcl\u00f3rico de Parintins | Pavulagem AM","isPartOf":{"@id":"https:\/\/pavulagemam.com.br\/#website"},"primaryImageOfPage":{"@id":"https:\/\/jogodopoderam.com\/pavulagemam\/governo-do-estado-confirma-a-realizacao-do-festival-folclorico-de-parintins\/#primaryimage"},"image":{"@id":"https:\/\/jogodopoderam.com\/pavulagemam\/governo-do-estado-confirma-a-realizacao-do-festival-folclorico-de-parintins\/#primaryimage"},"thumbnailUrl":"https:\/\/jogodopoderam.com\/pavulagemam\/wp-content\/uploads\/2022\/05\/festival-anuncio-1-11032022.jpg","datePublished":"2022-03-11T17:59:00+00:00","dateModified":"2022-05-06T18:06:14+00:00","breadcrumb":{"@id":"https:\/\/jogodopoderam.com\/pavulagemam\/governo-do-estado-confirma-a-realizacao-do-festival-folclorico-de-parintins\/#breadcrumb"},"inLanguage":"pt-BR","potentialAction":[{"@type":"ReadAction","target":["https:\/\/jogodopoderam.com\/pavulagemam\/governo-do-estado-confirma-a-realizacao-do-festival-folclorico-de-parintins\/"]}]},{"@type":"ImageObject","inLanguage":"pt-BR","@id":"https:\/\/jogodopoderam.com\/pavulagemam\/governo-do-estado-confirma-a-realizacao-do-festival-folclorico-de-parintins\/#primaryimage","url":"https:\/\/jogodopoderam.com\/pavulagemam\/wp-content\/uploads\/2022\/05\/festival-anuncio-1-11032022.jpg","contentUrl":"https:\/\/jogodopoderam.com\/pavulagemam\/wp-content\/uploads\/2022\/05\/festival-anuncio-1-11032022.jpg","width":1170,"height":700,"caption":"Governador anuncia a realiza\u00e7\u00e3o do Festival de Parintins ap\u00f3s dois anos de cancelamento por causa da pandemia do Covid-19"},{"@type":"BreadcrumbList","@id":"https:\/\/jogodopoderam.com\/pavulagemam\/governo-do-estado-confirma-a-realizacao-do-festival-folclorico-de-parintins\/#breadcrumb","itemListElement":[{"@type":"ListItem","position":1,"name":"In\u00edcio","item":"https:\/\/jogodopoderam.com\/pavulagemam\/"},{"@type":"ListItem","position":2,"name":"Governo do Estado confirma a realiza\u00e7\u00e3o do Festival Folcl\u00f3rico de Parintins"}]},{"@type":"WebSite","@id":"https:\/\/pavulagemam.com.br\/#website","url":"https:\/\/pavulagemam.com.br\/","name":"Pavulagem AM","description":"Cultura e Entretenimento","publisher":{"@id":"https:\/\/pavulagemam.com.br\/#organization"},"potentialAction":[{"@type":"SearchAction","target":{"@type":"EntryPoint","urlTemplate":"https:\/\/pavulagemam.com.br\/?s={search_term_string}"},"query-input":{"@type":"PropertyValueSpecification","valueRequired":true,"valueName":"search_term_string"}}],"inLanguage":"pt-BR"},{"@type":"Organization","@id":"https:\/\/pavulagemam.com.br\/#organization","name":"Pavulagem AM","url":"https:\/\/pavulagemam.com.br\/","logo":{"@type":"ImageObject","inLanguage":"pt-BR","@id":"https:\/\/pavulagemam.com.br\/#\/schema\/logo\/image\/","url":"https:\/\/jogodopoderam.com\/pavulagemam\/wp-content\/uploads\/2022\/05\/logo-site.png","contentUrl":"https:\/\/jogodopoderam.com\/pavulagemam\/wp-content\/uploads\/2022\/05\/logo-site.png","width":514,"height":120,"caption":"Pavulagem AM"},"image":{"@id":"https:\/\/pavulagemam.com.br\/#\/schema\/logo\/image\/"}},{"@type":"Person","@id":"https:\/\/pavulagemam.com.br\/#\/schema\/person\/41d68b285d977f6bf083c624ade9e0b7","name":"Reda\u00e7\u00e3o","image":{"@type":"ImageObject","inLanguage":"pt-BR","@id":"https:\/\/pavulagemam.com.br\/#\/schema\/person\/image\/","url":"https:\/\/secure.gravatar.com\/avatar\/f1a64a0dcf1aa8ac28abaac3e2d8cbc6d3d26e7ecfe23c65434eab95e68d9cb2?s=96&d=mm&r=g","contentUrl":"https:\/\/secure.gravatar.com\/avatar\/f1a64a0dcf1aa8ac28abaac3e2d8cbc6d3d26e7ecfe23c65434eab95e68d9cb2?s=96&d=mm&r=g","caption":"Reda\u00e7\u00e3o"},"sameAs":["https:\/\/jogodopoderam.com\/pavulagemam"],"url":"https:\/\/jogodopoderam.com\/pavulagemam\/author\/cel200\/"}]}},"_links":{"self":[{"href":"https:\/\/jogodopoderam.com\/pavulagemam\/wp-json\/wp\/v2\/posts\/450","targetHints":{"allow":["GET"]}}],"collection":[{"href":"https:\/\/jogodopoderam.com\/pavulagemam\/wp-json\/wp\/v2\/posts"}],"about":[{"href":"https:\/\/jogodopoderam.com\/pavulagemam\/wp-json\/wp\/v2\/types\/post"}],"author":[{"embeddable":true,"href":"https:\/\/jogodopoderam.com\/pavulagemam\/wp-json\/wp\/v2\/users\/1"}],"replies":[{"embeddable":true,"href":"https:\/\/jogodopoderam.com\/pavulagemam\/wp-json\/wp\/v2\/comments?post=450"}],"version-history":[{"count":1,"href":"https:\/\/jogodopoderam.com\/pavulagemam\/wp-json\/wp\/v2\/posts\/450\/revisions"}],"predecessor-version":[{"id":455,"href":"https:\/\/jogodopoderam.com\/pavulagemam\/wp-json\/wp\/v2\/posts\/450\/revisions\/455"}],"wp:featuredmedia":[{"embeddable":true,"href":"https:\/\/jogodopoderam.com\/pavulagemam\/wp-json\/wp\/v2\/media\/454"}],"wp:attachment":[{"href":"https:\/\/jogodopoderam.com\/pavulagemam\/wp-json\/wp\/v2\/media?parent=450"}],"wp:term":[{"taxonomy":"category","embeddable":true,"href":"https:\/\/jogodopoderam.com\/pavulagemam\/wp-json\/wp\/v2\/categories?post=450"},{"taxonomy":"post_tag","embeddable":true,"href":"https:\/\/jogodopoderam.com\/pavulagemam\/wp-json\/wp\/v2\/tags?post=450"}],"curies":[{"name":"wp","href":"https:\/\/api.w.org\/{rel}","templated":true}]}}