{"id":1524,"date":"2023-04-30T09:02:00","date_gmt":"2023-04-30T13:02:00","guid":{"rendered":"https:\/\/jogodopoderam.com\/pavulagemam\/?p=1524"},"modified":"2023-05-04T11:11:48","modified_gmt":"2023-05-04T15:11:48","slug":"roda-de-toada-homenageia-fred-goes-ja-em-ritmo-de-campanha-para-a-presidencia-do-garantido","status":"publish","type":"post","link":"https:\/\/jogodopoderam.com\/pavulagemam\/roda-de-toada-homenageia-fred-goes-ja-em-ritmo-de-campanha-para-a-presidencia-do-garantido\/","title":{"rendered":"Roda de Toada homenageia Fred G\u00f3es j\u00e1 em ritmo de campanha para a presid\u00eancia do Garantido"},"content":{"rendered":"\n<p><strong><em>Alijado do bumb\u00e1 desde o ano passado por quest\u00f5es pol\u00edticas, o jornalista recebeu homenagens que soou como um desagravo e ao mesmo tempo de apoio \u00e0 sua candidatura que j\u00e1 est\u00e1 nas ruas<\/em><\/strong><\/p>\n\n\n\n<p><strong>Parintins (AM) \u2014 <\/strong>O m\u00fasico, compositor, produtor musical e membro da comiss\u00e3o de arte por 21 anos do boi bumb\u00e1 garantido, o jornalista Fred G\u00f3es foi homenageado na noite de s\u00e1bado pela roda de toadas organizada pelo compositor Helen Veras. A homenagem foi realizada na casa do falecido torcedor e grande incentivador do Festival de Parintins do garantido Sandro Putnoki, na Avenida Armando Prado. \u00a0O evento reuniu torcedores, s\u00f3cios, m\u00fasicos, cantores e artistas de alegorias lotando o espa\u00e7o.<\/p>\n\n\n<div class=\"wp-block-image\">\n<figure class=\"alignleft size-large is-resized\"><img fetchpriority=\"high\" decoding=\"async\" src=\"https:\/\/jogodopoderam.com\/pavulagemam\/wp-content\/uploads\/2023\/05\/FRED-GOES-HOMENAGEM_0021-1024x613.jpg\" alt=\"\" class=\"wp-image-1526\" width=\"512\" height=\"307\" srcset=\"https:\/\/jogodopoderam.com\/pavulagemam\/wp-content\/uploads\/2023\/05\/FRED-GOES-HOMENAGEM_0021-1024x613.jpg 1024w, https:\/\/jogodopoderam.com\/pavulagemam\/wp-content\/uploads\/2023\/05\/FRED-GOES-HOMENAGEM_0021-300x179.jpg 300w, https:\/\/jogodopoderam.com\/pavulagemam\/wp-content\/uploads\/2023\/05\/FRED-GOES-HOMENAGEM_0021-768x459.jpg 768w, https:\/\/jogodopoderam.com\/pavulagemam\/wp-content\/uploads\/2023\/05\/FRED-GOES-HOMENAGEM_0021.jpg 1170w\" sizes=\"(max-width: 512px) 100vw, 512px\" \/><figcaption class=\"wp-element-caption\"><strong><em>Filho de Fred G\u00f3es, Fredinho com sua m\u00e3e L\u00e9a Costa durante a homenagem<\/em><\/strong><\/figcaption><\/figure>\n<\/div>\n\n\n<p>A homenagem pode ser interpretada como uma esp\u00e9cie de desagravo e o lan\u00e7amento da pr\u00e9-candidatura de Fred G\u00f3es \u00e0 presid\u00eancia do Boi Bumb\u00e1 Garantido.<\/p>\n\n\n\n<p>A homenagem come\u00e7ou \u00e0s 17 horas com uma s\u00e9rie de apresenta\u00e7\u00f5es, aberta por Ken Pablo e demais toadeiros do boi bumb\u00e1 garantido.<\/p>\n\n\n\n<p>Na plateia, integrantes do MAG (Movimento Amigos do Garantido) de Santar\u00e9m (Par\u00e1), MAG Manaus representado por Rivaldo Pereira, ex-colaboradores do Garantido, artistas de alegoria como Marialvo Brand\u00e3o, Ant\u00f4nio Cansan\u00e7\u00e3o, compositores, torcedores.<\/p>\n\n\n\n<p>Um dos momentos marcantes da homenagem foi protagonizado pelo levantador oficial de toadas do Garantido, Sebasti\u00e3o J\u00fanior ao falar da amizade com Fred G\u00f3es, com quem atuou durante o per\u00edodo em que o homenageado integrou a Comiss\u00e3o de Arte do Garantido. \u201cEu tenho respeito e admira\u00e7\u00e3o por Fred G\u00f3es de quem sou f\u00e3\u201d, afirmou Sebasti\u00e3o.<\/p>\n\n\n\n<figure class=\"wp-block-image size-large\"><img decoding=\"async\" width=\"1024\" height=\"613\" src=\"https:\/\/jogodopoderam.com\/pavulagemam\/wp-content\/uploads\/2023\/05\/FRED-GOES-HOMENAGEM_0254-1024x613.jpg\" alt=\"\" class=\"wp-image-1527\" srcset=\"https:\/\/jogodopoderam.com\/pavulagemam\/wp-content\/uploads\/2023\/05\/FRED-GOES-HOMENAGEM_0254-1024x613.jpg 1024w, https:\/\/jogodopoderam.com\/pavulagemam\/wp-content\/uploads\/2023\/05\/FRED-GOES-HOMENAGEM_0254-300x179.jpg 300w, https:\/\/jogodopoderam.com\/pavulagemam\/wp-content\/uploads\/2023\/05\/FRED-GOES-HOMENAGEM_0254-768x459.jpg 768w, https:\/\/jogodopoderam.com\/pavulagemam\/wp-content\/uploads\/2023\/05\/FRED-GOES-HOMENAGEM_0254.jpg 1170w\" sizes=\"(max-width: 1024px) 100vw, 1024px\" \/><figcaption class=\"wp-element-caption\"><strong><em>Fred G\u00f3es em dueto com o levantador de toadas Sebasti\u00e3o J\u00fanior foi um dos pontos altos da festa realizada na noite de s\u00e1bado<\/em><\/strong><\/figcaption><\/figure>\n\n\n\n<p>Fred G\u00f3es retribuiu a homenagem atribuindo aos artistas envolvidos nos bois, principalmente do Garantido. \u201cOs artistas t\u00eam um valor imensur\u00e1vel\u201d, afirmou. Ele prestou tributo ao artista J\u00fanior de Souza e ao m\u00fasico mineiro Sidney Rezende, compositor de v\u00e1rias toadas e arranjador musical, ambos falecidos durante o per\u00edodo da Pandemia. Em sua fala ele defendeu a uni\u00e3o de diversos segmentos do bumb\u00e1 vermelho e branco, hoje divididas por quest\u00f5es pol\u00edticas.<\/p>\n\n\n<div class=\"wp-block-image\">\n<figure class=\"alignright size-large is-resized\"><img decoding=\"async\" src=\"https:\/\/jogodopoderam.com\/pavulagemam\/wp-content\/uploads\/2023\/05\/FRED-GOES-HOMENAGEM_0057-1024x613.jpg\" alt=\"\" class=\"wp-image-1528\" width=\"512\" height=\"307\" srcset=\"https:\/\/jogodopoderam.com\/pavulagemam\/wp-content\/uploads\/2023\/05\/FRED-GOES-HOMENAGEM_0057-1024x613.jpg 1024w, https:\/\/jogodopoderam.com\/pavulagemam\/wp-content\/uploads\/2023\/05\/FRED-GOES-HOMENAGEM_0057-300x179.jpg 300w, https:\/\/jogodopoderam.com\/pavulagemam\/wp-content\/uploads\/2023\/05\/FRED-GOES-HOMENAGEM_0057-768x459.jpg 768w, https:\/\/jogodopoderam.com\/pavulagemam\/wp-content\/uploads\/2023\/05\/FRED-GOES-HOMENAGEM_0057.jpg 1170w\" sizes=\"(max-width: 512px) 100vw, 512px\" \/><figcaption class=\"wp-element-caption\"><strong><em>Grupo do MAG de Santar\u00e9m presente no Roda de Toada prestigiando Fred G\u00f3es<\/em><\/strong><\/figcaption><\/figure>\n<\/div>\n\n\n<p>Ele pr\u00f3prio protagonizou um momento marcante ao interpretar toadas de sua autoria composta ainda nas d\u00e9cadas de 70\/80, acompanhado pelos m\u00fasicos do grupo Toada de Roda, liderado por Alder Oliveira.<\/p>\n\n\n\n<p>Os ex-presidentes do Garantido, Jos\u00e9 Walmir de Lima e Telo Pinto marcaram presen\u00e7a no evento. Fred trabalhou na Comiss\u00e3o de Arte nos respectivos mandatos dos dois presidentes.<\/p>\n\n\n\n<p>Uma presen\u00e7a que chamou a aten\u00e7\u00e3o foi da atriz Rosa Maria Santos Martins, conhecida pela personagem que interpretou, a Rosa Malagueta. Ela contou que estava internada e foi intimada a vir participar da homenagem a Fred G\u00f3es. &#8220;Estava internada na Samel e o Hellen Veras me intimou a pegar o avi\u00e3o. Sai do hospital direto para o aeroporto&#8221;, contou entre risos.<\/p>\n\n\n\n<figure class=\"wp-block-image size-large\"><img loading=\"lazy\" decoding=\"async\" width=\"1024\" height=\"613\" src=\"https:\/\/jogodopoderam.com\/pavulagemam\/wp-content\/uploads\/2023\/05\/FRED-GOES-HOMENAGEM_0284-1024x613.jpg\" alt=\"\" class=\"wp-image-1529\" srcset=\"https:\/\/jogodopoderam.com\/pavulagemam\/wp-content\/uploads\/2023\/05\/FRED-GOES-HOMENAGEM_0284-1024x613.jpg 1024w, https:\/\/jogodopoderam.com\/pavulagemam\/wp-content\/uploads\/2023\/05\/FRED-GOES-HOMENAGEM_0284-300x179.jpg 300w, https:\/\/jogodopoderam.com\/pavulagemam\/wp-content\/uploads\/2023\/05\/FRED-GOES-HOMENAGEM_0284-768x459.jpg 768w, https:\/\/jogodopoderam.com\/pavulagemam\/wp-content\/uploads\/2023\/05\/FRED-GOES-HOMENAGEM_0284.jpg 1170w\" sizes=\"(max-width: 1024px) 100vw, 1024px\" \/><figcaption class=\"wp-element-caption\"><strong><em>Ex-presidentes do Garantido Jos\u00e9 Walmir (4\u00ba. da esq p\/direita) e Telo Pinto (5\u00ba.) foram prestar apoio e solidariedade a Fred G\u00f3es<\/em><\/strong><\/figcaption><\/figure>\n\n\n\n<p>A presen\u00e7a do cantor David Assayag era esperada na festa. Devido a situa\u00e7\u00e3o de seu filho ca\u00e7ula que estava internado em S\u00e3o Paulo e viria a falecer na noite de s\u00e1bado, ele cancelou sua participa\u00e7\u00e3o. Outro que era aguardado foi o apresentador Israel Paulin. Ele cancelou sua participa\u00e7\u00e3o devido a um evento realizado na mesma hora no curralzinho da Baixa, onde Fred G\u00f3es fez uma breve apresenta\u00e7\u00e3o ap\u00f3s o Roda de Toada.<\/p>\n\n\n<div class=\"wp-block-image\">\n<figure class=\"alignright size-large is-resized\"><img loading=\"lazy\" decoding=\"async\" src=\"https:\/\/jogodopoderam.com\/pavulagemam\/wp-content\/uploads\/2023\/05\/FRED-GOES-HOMENAGEM_0180-1024x613.jpg\" alt=\"\" class=\"wp-image-1530\" width=\"512\" height=\"307\" srcset=\"https:\/\/jogodopoderam.com\/pavulagemam\/wp-content\/uploads\/2023\/05\/FRED-GOES-HOMENAGEM_0180-1024x613.jpg 1024w, https:\/\/jogodopoderam.com\/pavulagemam\/wp-content\/uploads\/2023\/05\/FRED-GOES-HOMENAGEM_0180-300x179.jpg 300w, https:\/\/jogodopoderam.com\/pavulagemam\/wp-content\/uploads\/2023\/05\/FRED-GOES-HOMENAGEM_0180-768x459.jpg 768w, https:\/\/jogodopoderam.com\/pavulagemam\/wp-content\/uploads\/2023\/05\/FRED-GOES-HOMENAGEM_0180.jpg 1170w\" sizes=\"(max-width: 512px) 100vw, 512px\" \/><figcaption class=\"wp-element-caption\"><strong><em>Rosa Malagueta: Do hospital em Manaus direto para o Roda de Toada em Parintins<\/em><\/strong><\/figcaption><\/figure>\n<\/div>\n\n\n<p>No palco estiveram Ken Pablo, L\u00e9a Costa, Hellen Veras, Black Marialva, Grupo Roda de Toada, grupo Balan\u00e7o da Toada e outros toadeiros.  <\/p>\n\n\n\n<p>Fred G\u00f3es atuou por 21 anos na Comiss\u00e3o de Arte do Garantido, criada em 1998. Ele deixou a comiss\u00e3o no ano passado quando o atual presidente do Boi, Antonio Andrade a extinguiu e instituindo a Dire\u00e7\u00e3o Geral de Espet\u00e1culo no ano passado e extinta ap\u00f3s a derrota para o Caprichoso.<\/p>\n\n\n\n<p>No entanto sua participa\u00e7\u00e3o no Garantido do qual se tornou uma das refer\u00eancias vem de antes, como colaborador quer na cria\u00e7\u00e3o de toadas, algumas em parceria com o compositor Chico da Silva a partir da d\u00e9cada de 70, quando retornou a Parintins ap\u00f3s integrar o Grupo Ra\u00edzes da Am\u00e9rica, quer na d\u00e9cada de 90 como atuou como produtor do primeiro \u00e1lbum ainda em vinil do Garantido e dos CDs com o Sidney Rezende.<\/p>\n\n\n\n<p><\/p>\n","protected":false},"excerpt":{"rendered":"<p>Alijado do bumb\u00e1 desde o ano passado por quest\u00f5es pol\u00edticas, o jornalista recebeu homenagens que soou como um desagravo e ao mesmo tempo de apoio \u00e0 sua candidatura que j\u00e1 est\u00e1 nas ruas Parintins (AM) \u2014 O m\u00fasico, compositor, produtor musical e membro da comiss\u00e3o de arte por 21 anos do boi bumb\u00e1 garantido, o [&hellip;]<\/p>\n","protected":false},"author":2,"featured_media":1525,"comment_status":"open","ping_status":"open","sticky":false,"template":"","format":"standard","meta":{"footnotes":""},"categories":[5],"tags":[278,280,282,279,281],"class_list":["post-1524","post","type-post","status-publish","format-standard","has-post-thumbnail","hentry","category-55-festival-folclorico-de-parintins","tag-fred-goes","tag-fred-goes-campanha","tag-hellen-veras","tag-roda-de-toada","tag-sebastiao-junior","entry","has-media"],"yoast_head":"<!-- This site is optimized with the Yoast SEO plugin v27.0 - https:\/\/yoast.com\/product\/yoast-seo-wordpress\/ -->\n<title>Roda de Toada homenageia Fred G\u00f3es j\u00e1 em ritmo de campanha para a presid\u00eancia do Garantido | Pavulagem AM<\/title>\n<meta name=\"robots\" content=\"index, follow, max-snippet:-1, max-image-preview:large, max-video-preview:-1\" \/>\n<link rel=\"canonical\" href=\"https:\/\/jogodopoderam.com\/pavulagemam\/roda-de-toada-homenageia-fred-goes-ja-em-ritmo-de-campanha-para-a-presidencia-do-garantido\/\" \/>\n<meta property=\"og:locale\" content=\"pt_BR\" \/>\n<meta property=\"og:type\" content=\"article\" \/>\n<meta property=\"og:title\" content=\"Roda de Toada homenageia Fred G\u00f3es j\u00e1 em ritmo de campanha para a presid\u00eancia do Garantido | Pavulagem AM\" \/>\n<meta property=\"og:description\" content=\"Alijado do bumb\u00e1 desde o ano passado por quest\u00f5es pol\u00edticas, o jornalista recebeu homenagens que soou como um desagravo e ao mesmo tempo de apoio \u00e0 sua candidatura que j\u00e1 est\u00e1 nas ruas Parintins (AM) \u2014 O m\u00fasico, compositor, produtor musical e membro da comiss\u00e3o de arte por 21 anos do boi bumb\u00e1 garantido, o [&hellip;]\" \/>\n<meta property=\"og:url\" content=\"https:\/\/jogodopoderam.com\/pavulagemam\/roda-de-toada-homenageia-fred-goes-ja-em-ritmo-de-campanha-para-a-presidencia-do-garantido\/\" \/>\n<meta property=\"og:site_name\" content=\"Pavulagem AM\" \/>\n<meta property=\"article:published_time\" content=\"2023-04-30T13:02:00+00:00\" \/>\n<meta property=\"article:modified_time\" content=\"2023-05-04T15:11:48+00:00\" \/>\n<meta property=\"og:image\" content=\"https:\/\/jogodopoderam.com\/pavulagemam\/wp-content\/uploads\/2023\/05\/FRED-GOES-HOMENAGEM_0213.jpg\" \/>\n\t<meta property=\"og:image:width\" content=\"1170\" \/>\n\t<meta property=\"og:image:height\" content=\"700\" \/>\n\t<meta property=\"og:image:type\" content=\"image\/jpeg\" \/>\n<meta name=\"author\" content=\"Eduardo Gomes\" \/>\n<meta name=\"twitter:card\" content=\"summary_large_image\" \/>\n<meta name=\"twitter:label1\" content=\"Escrito por\" \/>\n\t<meta name=\"twitter:data1\" content=\"Eduardo Gomes\" \/>\n\t<meta name=\"twitter:label2\" content=\"Est. tempo de leitura\" \/>\n\t<meta name=\"twitter:data2\" content=\"6 minutos\" \/>\n<script type=\"application\/ld+json\" class=\"yoast-schema-graph\">{\"@context\":\"https:\/\/schema.org\",\"@graph\":[{\"@type\":\"Article\",\"@id\":\"https:\/\/jogodopoderam.com\/pavulagemam\/roda-de-toada-homenageia-fred-goes-ja-em-ritmo-de-campanha-para-a-presidencia-do-garantido\/#article\",\"isPartOf\":{\"@id\":\"https:\/\/jogodopoderam.com\/pavulagemam\/roda-de-toada-homenageia-fred-goes-ja-em-ritmo-de-campanha-para-a-presidencia-do-garantido\/\"},\"author\":{\"name\":\"Eduardo Gomes\",\"@id\":\"https:\/\/pavulagemam.com.br\/#\/schema\/person\/0f545a943a8b08ae2f8f7d62d4a09539\"},\"headline\":\"Roda de Toada homenageia Fred G\u00f3es j\u00e1 em ritmo de campanha para a presid\u00eancia do Garantido\",\"datePublished\":\"2023-04-30T13:02:00+00:00\",\"dateModified\":\"2023-05-04T15:11:48+00:00\",\"mainEntityOfPage\":{\"@id\":\"https:\/\/jogodopoderam.com\/pavulagemam\/roda-de-toada-homenageia-fred-goes-ja-em-ritmo-de-campanha-para-a-presidencia-do-garantido\/\"},\"wordCount\":822,\"commentCount\":0,\"publisher\":{\"@id\":\"https:\/\/pavulagemam.com.br\/#organization\"},\"image\":{\"@id\":\"https:\/\/jogodopoderam.com\/pavulagemam\/roda-de-toada-homenageia-fred-goes-ja-em-ritmo-de-campanha-para-a-presidencia-do-garantido\/#primaryimage\"},\"thumbnailUrl\":\"https:\/\/jogodopoderam.com\/pavulagemam\/wp-content\/uploads\/2023\/05\/FRED-GOES-HOMENAGEM_0213.jpg\",\"keywords\":[\"Fred G\u00f3es\",\"Fred G\u00f3es Campanha\",\"Hellen Veras\",\"Roda de Toada\",\"Sebasti\u00e3o J\u00fanior\"],\"articleSection\":[\"Festival Folcl\u00f3rico de Parintins\"],\"inLanguage\":\"pt-BR\",\"potentialAction\":[{\"@type\":\"CommentAction\",\"name\":\"Comment\",\"target\":[\"https:\/\/jogodopoderam.com\/pavulagemam\/roda-de-toada-homenageia-fred-goes-ja-em-ritmo-de-campanha-para-a-presidencia-do-garantido\/#respond\"]}]},{\"@type\":\"WebPage\",\"@id\":\"https:\/\/jogodopoderam.com\/pavulagemam\/roda-de-toada-homenageia-fred-goes-ja-em-ritmo-de-campanha-para-a-presidencia-do-garantido\/\",\"url\":\"https:\/\/jogodopoderam.com\/pavulagemam\/roda-de-toada-homenageia-fred-goes-ja-em-ritmo-de-campanha-para-a-presidencia-do-garantido\/\",\"name\":\"Roda de Toada homenageia Fred G\u00f3es j\u00e1 em ritmo de campanha para a presid\u00eancia do Garantido | Pavulagem AM\",\"isPartOf\":{\"@id\":\"https:\/\/pavulagemam.com.br\/#website\"},\"primaryImageOfPage\":{\"@id\":\"https:\/\/jogodopoderam.com\/pavulagemam\/roda-de-toada-homenageia-fred-goes-ja-em-ritmo-de-campanha-para-a-presidencia-do-garantido\/#primaryimage\"},\"image\":{\"@id\":\"https:\/\/jogodopoderam.com\/pavulagemam\/roda-de-toada-homenageia-fred-goes-ja-em-ritmo-de-campanha-para-a-presidencia-do-garantido\/#primaryimage\"},\"thumbnailUrl\":\"https:\/\/jogodopoderam.com\/pavulagemam\/wp-content\/uploads\/2023\/05\/FRED-GOES-HOMENAGEM_0213.jpg\",\"datePublished\":\"2023-04-30T13:02:00+00:00\",\"dateModified\":\"2023-05-04T15:11:48+00:00\",\"breadcrumb\":{\"@id\":\"https:\/\/jogodopoderam.com\/pavulagemam\/roda-de-toada-homenageia-fred-goes-ja-em-ritmo-de-campanha-para-a-presidencia-do-garantido\/#breadcrumb\"},\"inLanguage\":\"pt-BR\",\"potentialAction\":[{\"@type\":\"ReadAction\",\"target\":[\"https:\/\/jogodopoderam.com\/pavulagemam\/roda-de-toada-homenageia-fred-goes-ja-em-ritmo-de-campanha-para-a-presidencia-do-garantido\/\"]}]},{\"@type\":\"ImageObject\",\"inLanguage\":\"pt-BR\",\"@id\":\"https:\/\/jogodopoderam.com\/pavulagemam\/roda-de-toada-homenageia-fred-goes-ja-em-ritmo-de-campanha-para-a-presidencia-do-garantido\/#primaryimage\",\"url\":\"https:\/\/jogodopoderam.com\/pavulagemam\/wp-content\/uploads\/2023\/05\/FRED-GOES-HOMENAGEM_0213.jpg\",\"contentUrl\":\"https:\/\/jogodopoderam.com\/pavulagemam\/wp-content\/uploads\/2023\/05\/FRED-GOES-HOMENAGEM_0213.jpg\",\"width\":1170,\"height\":700,\"caption\":\"Fred G\u00f3es (de branco) protagoniza momento marcantes como este com o m\u00fasico Alder Oliveira durante a Roda de Toada em sua homenagem\"},{\"@type\":\"BreadcrumbList\",\"@id\":\"https:\/\/jogodopoderam.com\/pavulagemam\/roda-de-toada-homenageia-fred-goes-ja-em-ritmo-de-campanha-para-a-presidencia-do-garantido\/#breadcrumb\",\"itemListElement\":[{\"@type\":\"ListItem\",\"position\":1,\"name\":\"In\u00edcio\",\"item\":\"https:\/\/jogodopoderam.com\/pavulagemam\/\"},{\"@type\":\"ListItem\",\"position\":2,\"name\":\"Roda de Toada homenageia Fred G\u00f3es j\u00e1 em ritmo de campanha para a presid\u00eancia do Garantido\"}]},{\"@type\":\"WebSite\",\"@id\":\"https:\/\/pavulagemam.com.br\/#website\",\"url\":\"https:\/\/pavulagemam.com.br\/\",\"name\":\"Pavulagem AM\",\"description\":\"Cultura e Entretenimento\",\"publisher\":{\"@id\":\"https:\/\/pavulagemam.com.br\/#organization\"},\"potentialAction\":[{\"@type\":\"SearchAction\",\"target\":{\"@type\":\"EntryPoint\",\"urlTemplate\":\"https:\/\/pavulagemam.com.br\/?s={search_term_string}\"},\"query-input\":{\"@type\":\"PropertyValueSpecification\",\"valueRequired\":true,\"valueName\":\"search_term_string\"}}],\"inLanguage\":\"pt-BR\"},{\"@type\":\"Organization\",\"@id\":\"https:\/\/pavulagemam.com.br\/#organization\",\"name\":\"Pavulagem AM\",\"url\":\"https:\/\/pavulagemam.com.br\/\",\"logo\":{\"@type\":\"ImageObject\",\"inLanguage\":\"pt-BR\",\"@id\":\"https:\/\/pavulagemam.com.br\/#\/schema\/logo\/image\/\",\"url\":\"https:\/\/jogodopoderam.com\/pavulagemam\/wp-content\/uploads\/2022\/05\/logo-site.png\",\"contentUrl\":\"https:\/\/jogodopoderam.com\/pavulagemam\/wp-content\/uploads\/2022\/05\/logo-site.png\",\"width\":514,\"height\":120,\"caption\":\"Pavulagem AM\"},\"image\":{\"@id\":\"https:\/\/pavulagemam.com.br\/#\/schema\/logo\/image\/\"}},{\"@type\":\"Person\",\"@id\":\"https:\/\/pavulagemam.com.br\/#\/schema\/person\/0f545a943a8b08ae2f8f7d62d4a09539\",\"name\":\"Eduardo Gomes\",\"image\":{\"@type\":\"ImageObject\",\"inLanguage\":\"pt-BR\",\"@id\":\"https:\/\/pavulagemam.com.br\/#\/schema\/person\/image\/\",\"url\":\"https:\/\/secure.gravatar.com\/avatar\/22d5824bf4e02dafd30699ede853d395584eb81b2634336ee957a3e9a7e41dbe?s=96&d=mm&r=g\",\"contentUrl\":\"https:\/\/secure.gravatar.com\/avatar\/22d5824bf4e02dafd30699ede853d395584eb81b2634336ee957a3e9a7e41dbe?s=96&d=mm&r=g\",\"caption\":\"Eduardo Gomes\"},\"url\":\"https:\/\/jogodopoderam.com\/pavulagemam\/author\/eduardo-gomes\/\"}]}<\/script>\n<!-- \/ Yoast SEO plugin. -->","yoast_head_json":{"title":"Roda de Toada homenageia Fred G\u00f3es j\u00e1 em ritmo de campanha para a presid\u00eancia do Garantido | Pavulagem AM","robots":{"index":"index","follow":"follow","max-snippet":"max-snippet:-1","max-image-preview":"max-image-preview:large","max-video-preview":"max-video-preview:-1"},"canonical":"https:\/\/jogodopoderam.com\/pavulagemam\/roda-de-toada-homenageia-fred-goes-ja-em-ritmo-de-campanha-para-a-presidencia-do-garantido\/","og_locale":"pt_BR","og_type":"article","og_title":"Roda de Toada homenageia Fred G\u00f3es j\u00e1 em ritmo de campanha para a presid\u00eancia do Garantido | Pavulagem AM","og_description":"Alijado do bumb\u00e1 desde o ano passado por quest\u00f5es pol\u00edticas, o jornalista recebeu homenagens que soou como um desagravo e ao mesmo tempo de apoio \u00e0 sua candidatura que j\u00e1 est\u00e1 nas ruas Parintins (AM) \u2014 O m\u00fasico, compositor, produtor musical e membro da comiss\u00e3o de arte por 21 anos do boi bumb\u00e1 garantido, o [&hellip;]","og_url":"https:\/\/jogodopoderam.com\/pavulagemam\/roda-de-toada-homenageia-fred-goes-ja-em-ritmo-de-campanha-para-a-presidencia-do-garantido\/","og_site_name":"Pavulagem AM","article_published_time":"2023-04-30T13:02:00+00:00","article_modified_time":"2023-05-04T15:11:48+00:00","og_image":[{"width":1170,"height":700,"url":"https:\/\/jogodopoderam.com\/pavulagemam\/wp-content\/uploads\/2023\/05\/FRED-GOES-HOMENAGEM_0213.jpg","type":"image\/jpeg"}],"author":"Eduardo Gomes","twitter_card":"summary_large_image","twitter_misc":{"Escrito por":"Eduardo Gomes","Est. tempo de leitura":"6 minutos"},"schema":{"@context":"https:\/\/schema.org","@graph":[{"@type":"Article","@id":"https:\/\/jogodopoderam.com\/pavulagemam\/roda-de-toada-homenageia-fred-goes-ja-em-ritmo-de-campanha-para-a-presidencia-do-garantido\/#article","isPartOf":{"@id":"https:\/\/jogodopoderam.com\/pavulagemam\/roda-de-toada-homenageia-fred-goes-ja-em-ritmo-de-campanha-para-a-presidencia-do-garantido\/"},"author":{"name":"Eduardo Gomes","@id":"https:\/\/pavulagemam.com.br\/#\/schema\/person\/0f545a943a8b08ae2f8f7d62d4a09539"},"headline":"Roda de Toada homenageia Fred G\u00f3es j\u00e1 em ritmo de campanha para a presid\u00eancia do Garantido","datePublished":"2023-04-30T13:02:00+00:00","dateModified":"2023-05-04T15:11:48+00:00","mainEntityOfPage":{"@id":"https:\/\/jogodopoderam.com\/pavulagemam\/roda-de-toada-homenageia-fred-goes-ja-em-ritmo-de-campanha-para-a-presidencia-do-garantido\/"},"wordCount":822,"commentCount":0,"publisher":{"@id":"https:\/\/pavulagemam.com.br\/#organization"},"image":{"@id":"https:\/\/jogodopoderam.com\/pavulagemam\/roda-de-toada-homenageia-fred-goes-ja-em-ritmo-de-campanha-para-a-presidencia-do-garantido\/#primaryimage"},"thumbnailUrl":"https:\/\/jogodopoderam.com\/pavulagemam\/wp-content\/uploads\/2023\/05\/FRED-GOES-HOMENAGEM_0213.jpg","keywords":["Fred G\u00f3es","Fred G\u00f3es Campanha","Hellen Veras","Roda de Toada","Sebasti\u00e3o J\u00fanior"],"articleSection":["Festival Folcl\u00f3rico de Parintins"],"inLanguage":"pt-BR","potentialAction":[{"@type":"CommentAction","name":"Comment","target":["https:\/\/jogodopoderam.com\/pavulagemam\/roda-de-toada-homenageia-fred-goes-ja-em-ritmo-de-campanha-para-a-presidencia-do-garantido\/#respond"]}]},{"@type":"WebPage","@id":"https:\/\/jogodopoderam.com\/pavulagemam\/roda-de-toada-homenageia-fred-goes-ja-em-ritmo-de-campanha-para-a-presidencia-do-garantido\/","url":"https:\/\/jogodopoderam.com\/pavulagemam\/roda-de-toada-homenageia-fred-goes-ja-em-ritmo-de-campanha-para-a-presidencia-do-garantido\/","name":"Roda de Toada homenageia Fred G\u00f3es j\u00e1 em ritmo de campanha para a presid\u00eancia do Garantido | Pavulagem AM","isPartOf":{"@id":"https:\/\/pavulagemam.com.br\/#website"},"primaryImageOfPage":{"@id":"https:\/\/jogodopoderam.com\/pavulagemam\/roda-de-toada-homenageia-fred-goes-ja-em-ritmo-de-campanha-para-a-presidencia-do-garantido\/#primaryimage"},"image":{"@id":"https:\/\/jogodopoderam.com\/pavulagemam\/roda-de-toada-homenageia-fred-goes-ja-em-ritmo-de-campanha-para-a-presidencia-do-garantido\/#primaryimage"},"thumbnailUrl":"https:\/\/jogodopoderam.com\/pavulagemam\/wp-content\/uploads\/2023\/05\/FRED-GOES-HOMENAGEM_0213.jpg","datePublished":"2023-04-30T13:02:00+00:00","dateModified":"2023-05-04T15:11:48+00:00","breadcrumb":{"@id":"https:\/\/jogodopoderam.com\/pavulagemam\/roda-de-toada-homenageia-fred-goes-ja-em-ritmo-de-campanha-para-a-presidencia-do-garantido\/#breadcrumb"},"inLanguage":"pt-BR","potentialAction":[{"@type":"ReadAction","target":["https:\/\/jogodopoderam.com\/pavulagemam\/roda-de-toada-homenageia-fred-goes-ja-em-ritmo-de-campanha-para-a-presidencia-do-garantido\/"]}]},{"@type":"ImageObject","inLanguage":"pt-BR","@id":"https:\/\/jogodopoderam.com\/pavulagemam\/roda-de-toada-homenageia-fred-goes-ja-em-ritmo-de-campanha-para-a-presidencia-do-garantido\/#primaryimage","url":"https:\/\/jogodopoderam.com\/pavulagemam\/wp-content\/uploads\/2023\/05\/FRED-GOES-HOMENAGEM_0213.jpg","contentUrl":"https:\/\/jogodopoderam.com\/pavulagemam\/wp-content\/uploads\/2023\/05\/FRED-GOES-HOMENAGEM_0213.jpg","width":1170,"height":700,"caption":"Fred G\u00f3es (de branco) protagoniza momento marcantes como este com o m\u00fasico Alder Oliveira durante a Roda de Toada em sua homenagem"},{"@type":"BreadcrumbList","@id":"https:\/\/jogodopoderam.com\/pavulagemam\/roda-de-toada-homenageia-fred-goes-ja-em-ritmo-de-campanha-para-a-presidencia-do-garantido\/#breadcrumb","itemListElement":[{"@type":"ListItem","position":1,"name":"In\u00edcio","item":"https:\/\/jogodopoderam.com\/pavulagemam\/"},{"@type":"ListItem","position":2,"name":"Roda de Toada homenageia Fred G\u00f3es j\u00e1 em ritmo de campanha para a presid\u00eancia do Garantido"}]},{"@type":"WebSite","@id":"https:\/\/pavulagemam.com.br\/#website","url":"https:\/\/pavulagemam.com.br\/","name":"Pavulagem AM","description":"Cultura e Entretenimento","publisher":{"@id":"https:\/\/pavulagemam.com.br\/#organization"},"potentialAction":[{"@type":"SearchAction","target":{"@type":"EntryPoint","urlTemplate":"https:\/\/pavulagemam.com.br\/?s={search_term_string}"},"query-input":{"@type":"PropertyValueSpecification","valueRequired":true,"valueName":"search_term_string"}}],"inLanguage":"pt-BR"},{"@type":"Organization","@id":"https:\/\/pavulagemam.com.br\/#organization","name":"Pavulagem AM","url":"https:\/\/pavulagemam.com.br\/","logo":{"@type":"ImageObject","inLanguage":"pt-BR","@id":"https:\/\/pavulagemam.com.br\/#\/schema\/logo\/image\/","url":"https:\/\/jogodopoderam.com\/pavulagemam\/wp-content\/uploads\/2022\/05\/logo-site.png","contentUrl":"https:\/\/jogodopoderam.com\/pavulagemam\/wp-content\/uploads\/2022\/05\/logo-site.png","width":514,"height":120,"caption":"Pavulagem AM"},"image":{"@id":"https:\/\/pavulagemam.com.br\/#\/schema\/logo\/image\/"}},{"@type":"Person","@id":"https:\/\/pavulagemam.com.br\/#\/schema\/person\/0f545a943a8b08ae2f8f7d62d4a09539","name":"Eduardo Gomes","image":{"@type":"ImageObject","inLanguage":"pt-BR","@id":"https:\/\/pavulagemam.com.br\/#\/schema\/person\/image\/","url":"https:\/\/secure.gravatar.com\/avatar\/22d5824bf4e02dafd30699ede853d395584eb81b2634336ee957a3e9a7e41dbe?s=96&d=mm&r=g","contentUrl":"https:\/\/secure.gravatar.com\/avatar\/22d5824bf4e02dafd30699ede853d395584eb81b2634336ee957a3e9a7e41dbe?s=96&d=mm&r=g","caption":"Eduardo Gomes"},"url":"https:\/\/jogodopoderam.com\/pavulagemam\/author\/eduardo-gomes\/"}]}},"_links":{"self":[{"href":"https:\/\/jogodopoderam.com\/pavulagemam\/wp-json\/wp\/v2\/posts\/1524","targetHints":{"allow":["GET"]}}],"collection":[{"href":"https:\/\/jogodopoderam.com\/pavulagemam\/wp-json\/wp\/v2\/posts"}],"about":[{"href":"https:\/\/jogodopoderam.com\/pavulagemam\/wp-json\/wp\/v2\/types\/post"}],"author":[{"embeddable":true,"href":"https:\/\/jogodopoderam.com\/pavulagemam\/wp-json\/wp\/v2\/users\/2"}],"replies":[{"embeddable":true,"href":"https:\/\/jogodopoderam.com\/pavulagemam\/wp-json\/wp\/v2\/comments?post=1524"}],"version-history":[{"count":3,"href":"https:\/\/jogodopoderam.com\/pavulagemam\/wp-json\/wp\/v2\/posts\/1524\/revisions"}],"predecessor-version":[{"id":1556,"href":"https:\/\/jogodopoderam.com\/pavulagemam\/wp-json\/wp\/v2\/posts\/1524\/revisions\/1556"}],"wp:featuredmedia":[{"embeddable":true,"href":"https:\/\/jogodopoderam.com\/pavulagemam\/wp-json\/wp\/v2\/media\/1525"}],"wp:attachment":[{"href":"https:\/\/jogodopoderam.com\/pavulagemam\/wp-json\/wp\/v2\/media?parent=1524"}],"wp:term":[{"taxonomy":"category","embeddable":true,"href":"https:\/\/jogodopoderam.com\/pavulagemam\/wp-json\/wp\/v2\/categories?post=1524"},{"taxonomy":"post_tag","embeddable":true,"href":"https:\/\/jogodopoderam.com\/pavulagemam\/wp-json\/wp\/v2\/tags?post=1524"}],"curies":[{"name":"wp","href":"https:\/\/api.w.org\/{rel}","templated":true}]}}