{"id":1516,"date":"2023-04-16T07:59:00","date_gmt":"2023-04-16T11:59:00","guid":{"rendered":"https:\/\/jogodopoderam.com\/pavulagemam\/?p=1516"},"modified":"2025-07-07T12:33:57","modified_gmt":"2025-07-07T16:33:57","slug":"mag-homenageia-carlinhos-do-boi-no-segundo-curral-do-garantido","status":"publish","type":"post","link":"https:\/\/jogodopoderam.com\/pavulagemam\/mag-homenageia-carlinhos-do-boi-no-segundo-curral-do-garantido\/","title":{"rendered":"MAG homenageia Carlinhos do Boi no segundo Curral do Garantido"},"content":{"rendered":"\n<p><strong><em>O \u201canimal do boi\u201d foi um dos pioneiros nos primeiros anos do evento na d\u00e9cada de 1990<\/em><\/strong><\/p>\n\n\n\n<p>O Movimento Amigos do Garantido (MAG) vai homenagear o levantador de toadas, compositor, Carlinhos do Boi, um dos pioneiros dos primeiros anos de cria\u00e7\u00e3o do Curral do Garantido. No pr\u00f3ximo s\u00e1bado, dia 22 de abril, o MAG apresenta \u201cUma Noite Animal\u201d, com a presen\u00e7a de Sebasti\u00e3o J\u00fanior, M\u00e1rcia Siqueira, Edilson Santana e os Curumins da Baixa.<\/p>\n\n\n<div class=\"wp-block-image\">\n<figure class=\"alignright size-full\"><img fetchpriority=\"high\" decoding=\"async\" width=\"572\" height=\"855\" src=\"https:\/\/jogodopoderam.com\/pavulagemam\/wp-content\/uploads\/2023\/04\/Carlinhos-do-Boi.jpg\" alt=\"MAG homenageia Carlinhos do Boi\" class=\"wp-image-1517\" srcset=\"https:\/\/jogodopoderam.com\/pavulagemam\/wp-content\/uploads\/2023\/04\/Carlinhos-do-Boi.jpg 572w, https:\/\/jogodopoderam.com\/pavulagemam\/wp-content\/uploads\/2023\/04\/Carlinhos-do-Boi-201x300.jpg 201w\" sizes=\"(max-width: 572px) 100vw, 572px\" \/><figcaption class=\"wp-element-caption\"><em><strong>Carlinhos do Boi finalmente ser\u00e1 reconhecido pela sua dedica\u00e7\u00e3o ao Garantido em Manaus<\/strong><\/em><\/figcaption><\/figure>\n<\/div>\n\n\n<p>Antes de ser uma homenagem ao \u201canimal do boi\u201d, vai ser a estreia de tr\u00eas dos mais importantes nomes dos palcos de boi-bumb\u00e1 das \u00faltimas d\u00e9cadas, na temporada 2023 do Curral do Garantido. Sebasti\u00e3o, o levantador que defende o item 2 do festival pelo Garantido h\u00e1 mais de uma d\u00e9cada. M\u00e1rcia, o \u00edcone feminino de lugar j\u00e1 conquistado nos palcos, mas tamb\u00e9m na arena do Bumb\u00f3dromo. Edilson Santana, talento indiscut\u00edvel pela afina\u00e7\u00e3o e pot\u00eancia de voz. Eles n\u00e3o estiveram no primeiro Curral, realizado no s\u00e1bado, dia 8 de abril.<\/p>\n\n\n\n<p><strong>O homenageado<\/strong><\/p>\n\n\n\n<p>Muitas palavras poderiam definir Carlinhos, que \u00e9 \u201cdo boi\u201d, mas come\u00e7ou sendo do forr\u00f3, do samba, de tudo que inclu\u00edsse m\u00fasica dan\u00e7ante no gosto popular. Por sinal, dan\u00e7ante pode ser uma palavra s\u00edmbolo da vibe deste &#8220;garoto&#8221;, de 51 anos, advogado militante, que come\u00e7ou tocando e cantando na par\u00f3quia cat\u00f3lica de Santa Luzia, no bairro Presidente Vargas, conhecido como \u201cmatinha\u201d, ainda na d\u00e9cada de 1980. E que pinta e borda em cima do palco de qualquer evento de boi-bumb\u00e1, animando a galera do in\u00edcio ao fim.<\/p>\n\n\n\n<p>Quem lembra de Carlinhos tocando teclado e cantando, ao mesmo tempo, nos bares de Manaus e, j\u00e1 no boom do festival, em Parintins, nos anos 1990, pode dizer que parado o p\u00fablico n\u00e3o ficava. N\u00e3o s\u00f3 pelo repert\u00f3rio, sempre pra cima, mas com as performances com jeito de moleque e as surpresas no repert\u00f3rio.<\/p>\n\n\n\n<p>Surpresas como aquela volta no trio, em um desses anos de carnaboi ainda quando era realizado no esquema de trios-el\u00e9tricos se revezando na passarela do samba, no samb\u00f3dromo de Manaus. Lembran\u00e7as tamb\u00e9m est\u00e3o marcadas na mente do torcedor de mais loga data espectador do Festival Folcl\u00f3rico de Parintins de 1997. Naquele ano, a toada de Carlinhos do Boi, \u201cUerer\u00ea\u201d, foi a trilha da apresenta\u00e7\u00e3o inesquec\u00edvel da tribo das Tupinamb\u00e1s, das dan\u00e7arinas que evolu\u00edram no meio da arena, com as plumagens brancas das fantasias.<\/p>\n\n\n\n<p><strong>Emocionado<\/strong><\/p>\n\n\n\n<p>A poucos dias da \u201cNoite Animal\u201d, Carlinhos diz que j\u00e1 est\u00e1 emocionado desde j\u00e1. \u201c A noite do dia vinte e dois vai ser um um marco na minha hist\u00f3ria. Na minha hist\u00f3ria de vida, como cantor, como m\u00fasico, como empreendedor da m\u00fasica. Porque eu vou ser homenageado e vou ter uma noite especial no Curral do Boi Garantido. Isso \u00e9 de relev\u00e2ncia tremenda. At\u00e9 porque s\u00f3 quem tem as noites (tem\u00e1ticas) s\u00e3o os itens (oficiais) do Boi. E eu, como um simples cantor, que fa\u00e7o dessa cultura, desse movimento, desse boi grandioso que \u00e9 o Garantido, vou ser homenageado. Eu me sinto honrado e estou emocionado j\u00e1 por conta do dia vinte e dois\u201d, afirma Carlinhos.<\/p>\n\n\n\n<p>Para o show de s\u00e1bado, o \u201canimal\u201d vai apresentar uma vers\u00e3o especial do show que ele tem apresentado por todos os eventos de que participa, inclusive em festas do interior do Estado. A\u00ed, incluem-se toadas inesquec\u00edveis do vasto repert\u00f3rio vermelho e branco, mas tamb\u00e9m as novas, do \u00e1lbum 2023, \u201cGarantido Por Toda Vida&#8221;.<\/p>\n\n\n\n<p><strong>Curral do Garantido<\/strong><\/p>\n\n\n\n<p>O Curral \u00e9 um evento realizado pelo Movimento Amigos do Garantido (MAG), com apoio do Governo do Estado, por meio da Secretaria de Cultura e Economia Criativa (SEC), al\u00e9m de v\u00e1rios patrocinadores e apoiadores. A festa come\u00e7a \u00e0s 21h e tem entrada gratuita.<\/p>\n","protected":false},"excerpt":{"rendered":"<p>O \u201canimal do boi\u201d foi um dos pioneiros nos primeiros anos do evento na d\u00e9cada de 1990 O Movimento Amigos do Garantido (MAG) vai homenagear o levantador de toadas, compositor, Carlinhos do Boi, um dos pioneiros dos primeiros anos de cria\u00e7\u00e3o do Curral do Garantido. No pr\u00f3ximo s\u00e1bado, dia 22 de abril, o MAG apresenta [&hellip;]<\/p>\n","protected":false},"author":2,"featured_media":0,"comment_status":"open","ping_status":"open","sticky":false,"template":"","format":"standard","meta":{"footnotes":""},"categories":[5],"tags":[276,277,272,271],"class_list":["post-1516","post","type-post","status-publish","format-standard","hentry","category-55-festival-folclorico-de-parintins","tag-carlinhos-do-boi","tag-carlinhos-do-boi-homenagem","tag-curral-do-boi-garantido","tag-pavulagemam","entry"],"yoast_head":"<!-- This site is optimized with the Yoast SEO plugin v27.0 - https:\/\/yoast.com\/product\/yoast-seo-wordpress\/ -->\n<title>MAG homenageia Carlinhos do Boi no segundo Curral do Garantido | Pavulagem AM<\/title>\n<meta name=\"robots\" content=\"index, follow, max-snippet:-1, max-image-preview:large, max-video-preview:-1\" \/>\n<link rel=\"canonical\" href=\"https:\/\/jogodopoderam.com\/pavulagemam\/mag-homenageia-carlinhos-do-boi-no-segundo-curral-do-garantido\/\" \/>\n<meta property=\"og:locale\" content=\"pt_BR\" \/>\n<meta property=\"og:type\" content=\"article\" \/>\n<meta property=\"og:title\" content=\"MAG homenageia Carlinhos do Boi no segundo Curral do Garantido | Pavulagem AM\" \/>\n<meta property=\"og:description\" content=\"O \u201canimal do boi\u201d foi um dos pioneiros nos primeiros anos do evento na d\u00e9cada de 1990 O Movimento Amigos do Garantido (MAG) vai homenagear o levantador de toadas, compositor, Carlinhos do Boi, um dos pioneiros dos primeiros anos de cria\u00e7\u00e3o do Curral do Garantido. No pr\u00f3ximo s\u00e1bado, dia 22 de abril, o MAG apresenta [&hellip;]\" \/>\n<meta property=\"og:url\" content=\"https:\/\/jogodopoderam.com\/pavulagemam\/mag-homenageia-carlinhos-do-boi-no-segundo-curral-do-garantido\/\" \/>\n<meta property=\"og:site_name\" content=\"Pavulagem AM\" \/>\n<meta property=\"article:published_time\" content=\"2023-04-16T11:59:00+00:00\" \/>\n<meta property=\"article:modified_time\" content=\"2025-07-07T16:33:57+00:00\" \/>\n<meta property=\"og:image\" content=\"https:\/\/jogodopoderam.com\/pavulagemam\/wp-content\/uploads\/2023\/04\/Carlinhos-do-Boi.jpg\" \/>\n\t<meta property=\"og:image:width\" content=\"572\" \/>\n\t<meta property=\"og:image:height\" content=\"855\" \/>\n\t<meta property=\"og:image:type\" content=\"image\/jpeg\" \/>\n<meta name=\"author\" content=\"Eduardo Gomes\" \/>\n<meta name=\"twitter:card\" content=\"summary_large_image\" \/>\n<meta name=\"twitter:label1\" content=\"Escrito por\" \/>\n\t<meta name=\"twitter:data1\" content=\"Eduardo Gomes\" \/>\n\t<meta name=\"twitter:label2\" content=\"Est. tempo de leitura\" \/>\n\t<meta name=\"twitter:data2\" content=\"4 minutos\" \/>\n<script type=\"application\/ld+json\" class=\"yoast-schema-graph\">{\"@context\":\"https:\/\/schema.org\",\"@graph\":[{\"@type\":\"Article\",\"@id\":\"https:\/\/jogodopoderam.com\/pavulagemam\/mag-homenageia-carlinhos-do-boi-no-segundo-curral-do-garantido\/#article\",\"isPartOf\":{\"@id\":\"https:\/\/jogodopoderam.com\/pavulagemam\/mag-homenageia-carlinhos-do-boi-no-segundo-curral-do-garantido\/\"},\"author\":{\"name\":\"Eduardo Gomes\",\"@id\":\"https:\/\/pavulagemam.com.br\/#\/schema\/person\/0f545a943a8b08ae2f8f7d62d4a09539\"},\"headline\":\"MAG homenageia Carlinhos do Boi no segundo Curral do Garantido\",\"datePublished\":\"2023-04-16T11:59:00+00:00\",\"dateModified\":\"2025-07-07T16:33:57+00:00\",\"mainEntityOfPage\":{\"@id\":\"https:\/\/jogodopoderam.com\/pavulagemam\/mag-homenageia-carlinhos-do-boi-no-segundo-curral-do-garantido\/\"},\"wordCount\":676,\"commentCount\":0,\"publisher\":{\"@id\":\"https:\/\/pavulagemam.com.br\/#organization\"},\"image\":{\"@id\":\"https:\/\/jogodopoderam.com\/pavulagemam\/mag-homenageia-carlinhos-do-boi-no-segundo-curral-do-garantido\/#primaryimage\"},\"thumbnailUrl\":\"https:\/\/jogodopoderam.com\/pavulagemam\/wp-content\/uploads\/2023\/04\/Carlinhos-do-Boi.jpg\",\"keywords\":[\"Carlinhos do Boi\",\"Carlinhos do Boi Homenagem\",\"Curral do boi Garantido\",\"Pavulagemam\"],\"articleSection\":[\"Festival Folcl\u00f3rico de Parintins\"],\"inLanguage\":\"pt-BR\",\"potentialAction\":[{\"@type\":\"CommentAction\",\"name\":\"Comment\",\"target\":[\"https:\/\/jogodopoderam.com\/pavulagemam\/mag-homenageia-carlinhos-do-boi-no-segundo-curral-do-garantido\/#respond\"]}]},{\"@type\":\"WebPage\",\"@id\":\"https:\/\/jogodopoderam.com\/pavulagemam\/mag-homenageia-carlinhos-do-boi-no-segundo-curral-do-garantido\/\",\"url\":\"https:\/\/jogodopoderam.com\/pavulagemam\/mag-homenageia-carlinhos-do-boi-no-segundo-curral-do-garantido\/\",\"name\":\"MAG homenageia Carlinhos do Boi no segundo Curral do Garantido | Pavulagem AM\",\"isPartOf\":{\"@id\":\"https:\/\/pavulagemam.com.br\/#website\"},\"primaryImageOfPage\":{\"@id\":\"https:\/\/jogodopoderam.com\/pavulagemam\/mag-homenageia-carlinhos-do-boi-no-segundo-curral-do-garantido\/#primaryimage\"},\"image\":{\"@id\":\"https:\/\/jogodopoderam.com\/pavulagemam\/mag-homenageia-carlinhos-do-boi-no-segundo-curral-do-garantido\/#primaryimage\"},\"thumbnailUrl\":\"https:\/\/jogodopoderam.com\/pavulagemam\/wp-content\/uploads\/2023\/04\/Carlinhos-do-Boi.jpg\",\"datePublished\":\"2023-04-16T11:59:00+00:00\",\"dateModified\":\"2025-07-07T16:33:57+00:00\",\"breadcrumb\":{\"@id\":\"https:\/\/jogodopoderam.com\/pavulagemam\/mag-homenageia-carlinhos-do-boi-no-segundo-curral-do-garantido\/#breadcrumb\"},\"inLanguage\":\"pt-BR\",\"potentialAction\":[{\"@type\":\"ReadAction\",\"target\":[\"https:\/\/jogodopoderam.com\/pavulagemam\/mag-homenageia-carlinhos-do-boi-no-segundo-curral-do-garantido\/\"]}]},{\"@type\":\"ImageObject\",\"inLanguage\":\"pt-BR\",\"@id\":\"https:\/\/jogodopoderam.com\/pavulagemam\/mag-homenageia-carlinhos-do-boi-no-segundo-curral-do-garantido\/#primaryimage\",\"url\":\"https:\/\/jogodopoderam.com\/pavulagemam\/wp-content\/uploads\/2023\/04\/Carlinhos-do-Boi.jpg\",\"contentUrl\":\"https:\/\/jogodopoderam.com\/pavulagemam\/wp-content\/uploads\/2023\/04\/Carlinhos-do-Boi.jpg\",\"width\":572,\"height\":855,\"caption\":\"MAG homenageia Carlinhos do Boi\"},{\"@type\":\"BreadcrumbList\",\"@id\":\"https:\/\/jogodopoderam.com\/pavulagemam\/mag-homenageia-carlinhos-do-boi-no-segundo-curral-do-garantido\/#breadcrumb\",\"itemListElement\":[{\"@type\":\"ListItem\",\"position\":1,\"name\":\"In\u00edcio\",\"item\":\"https:\/\/jogodopoderam.com\/pavulagemam\/\"},{\"@type\":\"ListItem\",\"position\":2,\"name\":\"MAG homenageia Carlinhos do Boi no segundo Curral do Garantido\"}]},{\"@type\":\"WebSite\",\"@id\":\"https:\/\/pavulagemam.com.br\/#website\",\"url\":\"https:\/\/pavulagemam.com.br\/\",\"name\":\"Pavulagem AM\",\"description\":\"Cultura e Entretenimento\",\"publisher\":{\"@id\":\"https:\/\/pavulagemam.com.br\/#organization\"},\"potentialAction\":[{\"@type\":\"SearchAction\",\"target\":{\"@type\":\"EntryPoint\",\"urlTemplate\":\"https:\/\/pavulagemam.com.br\/?s={search_term_string}\"},\"query-input\":{\"@type\":\"PropertyValueSpecification\",\"valueRequired\":true,\"valueName\":\"search_term_string\"}}],\"inLanguage\":\"pt-BR\"},{\"@type\":\"Organization\",\"@id\":\"https:\/\/pavulagemam.com.br\/#organization\",\"name\":\"Pavulagem AM\",\"url\":\"https:\/\/pavulagemam.com.br\/\",\"logo\":{\"@type\":\"ImageObject\",\"inLanguage\":\"pt-BR\",\"@id\":\"https:\/\/pavulagemam.com.br\/#\/schema\/logo\/image\/\",\"url\":\"https:\/\/jogodopoderam.com\/pavulagemam\/wp-content\/uploads\/2022\/05\/logo-site.png\",\"contentUrl\":\"https:\/\/jogodopoderam.com\/pavulagemam\/wp-content\/uploads\/2022\/05\/logo-site.png\",\"width\":514,\"height\":120,\"caption\":\"Pavulagem AM\"},\"image\":{\"@id\":\"https:\/\/pavulagemam.com.br\/#\/schema\/logo\/image\/\"}},{\"@type\":\"Person\",\"@id\":\"https:\/\/pavulagemam.com.br\/#\/schema\/person\/0f545a943a8b08ae2f8f7d62d4a09539\",\"name\":\"Eduardo Gomes\",\"image\":{\"@type\":\"ImageObject\",\"inLanguage\":\"pt-BR\",\"@id\":\"https:\/\/pavulagemam.com.br\/#\/schema\/person\/image\/\",\"url\":\"https:\/\/secure.gravatar.com\/avatar\/22d5824bf4e02dafd30699ede853d395584eb81b2634336ee957a3e9a7e41dbe?s=96&d=mm&r=g\",\"contentUrl\":\"https:\/\/secure.gravatar.com\/avatar\/22d5824bf4e02dafd30699ede853d395584eb81b2634336ee957a3e9a7e41dbe?s=96&d=mm&r=g\",\"caption\":\"Eduardo Gomes\"},\"url\":\"https:\/\/jogodopoderam.com\/pavulagemam\/author\/eduardo-gomes\/\"}]}<\/script>\n<!-- \/ Yoast SEO plugin. -->","yoast_head_json":{"title":"MAG homenageia Carlinhos do Boi no segundo Curral do Garantido | Pavulagem AM","robots":{"index":"index","follow":"follow","max-snippet":"max-snippet:-1","max-image-preview":"max-image-preview:large","max-video-preview":"max-video-preview:-1"},"canonical":"https:\/\/jogodopoderam.com\/pavulagemam\/mag-homenageia-carlinhos-do-boi-no-segundo-curral-do-garantido\/","og_locale":"pt_BR","og_type":"article","og_title":"MAG homenageia Carlinhos do Boi no segundo Curral do Garantido | Pavulagem AM","og_description":"O \u201canimal do boi\u201d foi um dos pioneiros nos primeiros anos do evento na d\u00e9cada de 1990 O Movimento Amigos do Garantido (MAG) vai homenagear o levantador de toadas, compositor, Carlinhos do Boi, um dos pioneiros dos primeiros anos de cria\u00e7\u00e3o do Curral do Garantido. No pr\u00f3ximo s\u00e1bado, dia 22 de abril, o MAG apresenta [&hellip;]","og_url":"https:\/\/jogodopoderam.com\/pavulagemam\/mag-homenageia-carlinhos-do-boi-no-segundo-curral-do-garantido\/","og_site_name":"Pavulagem AM","article_published_time":"2023-04-16T11:59:00+00:00","article_modified_time":"2025-07-07T16:33:57+00:00","og_image":[{"width":572,"height":855,"url":"https:\/\/jogodopoderam.com\/pavulagemam\/wp-content\/uploads\/2023\/04\/Carlinhos-do-Boi.jpg","type":"image\/jpeg"}],"author":"Eduardo Gomes","twitter_card":"summary_large_image","twitter_misc":{"Escrito por":"Eduardo Gomes","Est. tempo de leitura":"4 minutos"},"schema":{"@context":"https:\/\/schema.org","@graph":[{"@type":"Article","@id":"https:\/\/jogodopoderam.com\/pavulagemam\/mag-homenageia-carlinhos-do-boi-no-segundo-curral-do-garantido\/#article","isPartOf":{"@id":"https:\/\/jogodopoderam.com\/pavulagemam\/mag-homenageia-carlinhos-do-boi-no-segundo-curral-do-garantido\/"},"author":{"name":"Eduardo Gomes","@id":"https:\/\/pavulagemam.com.br\/#\/schema\/person\/0f545a943a8b08ae2f8f7d62d4a09539"},"headline":"MAG homenageia Carlinhos do Boi no segundo Curral do Garantido","datePublished":"2023-04-16T11:59:00+00:00","dateModified":"2025-07-07T16:33:57+00:00","mainEntityOfPage":{"@id":"https:\/\/jogodopoderam.com\/pavulagemam\/mag-homenageia-carlinhos-do-boi-no-segundo-curral-do-garantido\/"},"wordCount":676,"commentCount":0,"publisher":{"@id":"https:\/\/pavulagemam.com.br\/#organization"},"image":{"@id":"https:\/\/jogodopoderam.com\/pavulagemam\/mag-homenageia-carlinhos-do-boi-no-segundo-curral-do-garantido\/#primaryimage"},"thumbnailUrl":"https:\/\/jogodopoderam.com\/pavulagemam\/wp-content\/uploads\/2023\/04\/Carlinhos-do-Boi.jpg","keywords":["Carlinhos do Boi","Carlinhos do Boi Homenagem","Curral do boi Garantido","Pavulagemam"],"articleSection":["Festival Folcl\u00f3rico de Parintins"],"inLanguage":"pt-BR","potentialAction":[{"@type":"CommentAction","name":"Comment","target":["https:\/\/jogodopoderam.com\/pavulagemam\/mag-homenageia-carlinhos-do-boi-no-segundo-curral-do-garantido\/#respond"]}]},{"@type":"WebPage","@id":"https:\/\/jogodopoderam.com\/pavulagemam\/mag-homenageia-carlinhos-do-boi-no-segundo-curral-do-garantido\/","url":"https:\/\/jogodopoderam.com\/pavulagemam\/mag-homenageia-carlinhos-do-boi-no-segundo-curral-do-garantido\/","name":"MAG homenageia Carlinhos do Boi no segundo Curral do Garantido | Pavulagem AM","isPartOf":{"@id":"https:\/\/pavulagemam.com.br\/#website"},"primaryImageOfPage":{"@id":"https:\/\/jogodopoderam.com\/pavulagemam\/mag-homenageia-carlinhos-do-boi-no-segundo-curral-do-garantido\/#primaryimage"},"image":{"@id":"https:\/\/jogodopoderam.com\/pavulagemam\/mag-homenageia-carlinhos-do-boi-no-segundo-curral-do-garantido\/#primaryimage"},"thumbnailUrl":"https:\/\/jogodopoderam.com\/pavulagemam\/wp-content\/uploads\/2023\/04\/Carlinhos-do-Boi.jpg","datePublished":"2023-04-16T11:59:00+00:00","dateModified":"2025-07-07T16:33:57+00:00","breadcrumb":{"@id":"https:\/\/jogodopoderam.com\/pavulagemam\/mag-homenageia-carlinhos-do-boi-no-segundo-curral-do-garantido\/#breadcrumb"},"inLanguage":"pt-BR","potentialAction":[{"@type":"ReadAction","target":["https:\/\/jogodopoderam.com\/pavulagemam\/mag-homenageia-carlinhos-do-boi-no-segundo-curral-do-garantido\/"]}]},{"@type":"ImageObject","inLanguage":"pt-BR","@id":"https:\/\/jogodopoderam.com\/pavulagemam\/mag-homenageia-carlinhos-do-boi-no-segundo-curral-do-garantido\/#primaryimage","url":"https:\/\/jogodopoderam.com\/pavulagemam\/wp-content\/uploads\/2023\/04\/Carlinhos-do-Boi.jpg","contentUrl":"https:\/\/jogodopoderam.com\/pavulagemam\/wp-content\/uploads\/2023\/04\/Carlinhos-do-Boi.jpg","width":572,"height":855,"caption":"MAG homenageia Carlinhos do Boi"},{"@type":"BreadcrumbList","@id":"https:\/\/jogodopoderam.com\/pavulagemam\/mag-homenageia-carlinhos-do-boi-no-segundo-curral-do-garantido\/#breadcrumb","itemListElement":[{"@type":"ListItem","position":1,"name":"In\u00edcio","item":"https:\/\/jogodopoderam.com\/pavulagemam\/"},{"@type":"ListItem","position":2,"name":"MAG homenageia Carlinhos do Boi no segundo Curral do Garantido"}]},{"@type":"WebSite","@id":"https:\/\/pavulagemam.com.br\/#website","url":"https:\/\/pavulagemam.com.br\/","name":"Pavulagem AM","description":"Cultura e Entretenimento","publisher":{"@id":"https:\/\/pavulagemam.com.br\/#organization"},"potentialAction":[{"@type":"SearchAction","target":{"@type":"EntryPoint","urlTemplate":"https:\/\/pavulagemam.com.br\/?s={search_term_string}"},"query-input":{"@type":"PropertyValueSpecification","valueRequired":true,"valueName":"search_term_string"}}],"inLanguage":"pt-BR"},{"@type":"Organization","@id":"https:\/\/pavulagemam.com.br\/#organization","name":"Pavulagem AM","url":"https:\/\/pavulagemam.com.br\/","logo":{"@type":"ImageObject","inLanguage":"pt-BR","@id":"https:\/\/pavulagemam.com.br\/#\/schema\/logo\/image\/","url":"https:\/\/jogodopoderam.com\/pavulagemam\/wp-content\/uploads\/2022\/05\/logo-site.png","contentUrl":"https:\/\/jogodopoderam.com\/pavulagemam\/wp-content\/uploads\/2022\/05\/logo-site.png","width":514,"height":120,"caption":"Pavulagem AM"},"image":{"@id":"https:\/\/pavulagemam.com.br\/#\/schema\/logo\/image\/"}},{"@type":"Person","@id":"https:\/\/pavulagemam.com.br\/#\/schema\/person\/0f545a943a8b08ae2f8f7d62d4a09539","name":"Eduardo Gomes","image":{"@type":"ImageObject","inLanguage":"pt-BR","@id":"https:\/\/pavulagemam.com.br\/#\/schema\/person\/image\/","url":"https:\/\/secure.gravatar.com\/avatar\/22d5824bf4e02dafd30699ede853d395584eb81b2634336ee957a3e9a7e41dbe?s=96&d=mm&r=g","contentUrl":"https:\/\/secure.gravatar.com\/avatar\/22d5824bf4e02dafd30699ede853d395584eb81b2634336ee957a3e9a7e41dbe?s=96&d=mm&r=g","caption":"Eduardo Gomes"},"url":"https:\/\/jogodopoderam.com\/pavulagemam\/author\/eduardo-gomes\/"}]}},"_links":{"self":[{"href":"https:\/\/jogodopoderam.com\/pavulagemam\/wp-json\/wp\/v2\/posts\/1516","targetHints":{"allow":["GET"]}}],"collection":[{"href":"https:\/\/jogodopoderam.com\/pavulagemam\/wp-json\/wp\/v2\/posts"}],"about":[{"href":"https:\/\/jogodopoderam.com\/pavulagemam\/wp-json\/wp\/v2\/types\/post"}],"author":[{"embeddable":true,"href":"https:\/\/jogodopoderam.com\/pavulagemam\/wp-json\/wp\/v2\/users\/2"}],"replies":[{"embeddable":true,"href":"https:\/\/jogodopoderam.com\/pavulagemam\/wp-json\/wp\/v2\/comments?post=1516"}],"version-history":[{"count":2,"href":"https:\/\/jogodopoderam.com\/pavulagemam\/wp-json\/wp\/v2\/posts\/1516\/revisions"}],"predecessor-version":[{"id":1519,"href":"https:\/\/jogodopoderam.com\/pavulagemam\/wp-json\/wp\/v2\/posts\/1516\/revisions\/1519"}],"wp:attachment":[{"href":"https:\/\/jogodopoderam.com\/pavulagemam\/wp-json\/wp\/v2\/media?parent=1516"}],"wp:term":[{"taxonomy":"category","embeddable":true,"href":"https:\/\/jogodopoderam.com\/pavulagemam\/wp-json\/wp\/v2\/categories?post=1516"},{"taxonomy":"post_tag","embeddable":true,"href":"https:\/\/jogodopoderam.com\/pavulagemam\/wp-json\/wp\/v2\/tags?post=1516"}],"curies":[{"name":"wp","href":"https:\/\/api.w.org\/{rel}","templated":true}]}}