{"id":1005,"date":"2022-05-16T10:55:00","date_gmt":"2022-05-16T14:55:00","guid":{"rendered":"https:\/\/pavulagemam.com.br\/?p=1005"},"modified":"2022-05-19T20:58:40","modified_gmt":"2022-05-20T00:58:40","slug":"governo-do-estado-anuncia-retorno-do-festival-folclorico-do-amazonas","status":"publish","type":"post","link":"https:\/\/jogodopoderam.com\/pavulagemam\/governo-do-estado-anuncia-retorno-do-festival-folclorico-do-amazonas\/","title":{"rendered":"Governo do Estado anuncia retorno do Festival Folcl\u00f3rico do Amazonas"},"content":{"rendered":"\n<p><strong><em>Evento inicia sua 64\u00aa edi\u00e7\u00e3o no dia 12 de junho, voltando a ser realizado no Centro Cultural dos Povos da Amaz\u00f4nia<\/em><\/strong><\/p>\n\n\n\n<p>FOTOS: Antonio Lima\/SEC<\/p>\n\n\n\n<p>O Governo do Amazonas, em parceria com a Prefeitura de Manaus, anunciou, na noite do domingo (15\/05), o retorno do Festival Folcl\u00f3rico do Amazonas ap\u00f3s dois anos sem atividades presenciais. A 64\u00aa edi\u00e7\u00e3o do evento ter\u00e1 in\u00edcio no dia 12 de junho, voltando a ser realizado no Centro Cultural dos Povos da Amaz\u00f4nia (antiga Bola da Suframa).<\/p>\n\n\n\n<div class=\"wp-block-image is-style-default\"><figure class=\"alignright size-large is-resized\"><img fetchpriority=\"high\" decoding=\"async\" src=\"https:\/\/pavulagemam.com.br\/wp-content\/uploads\/2022\/05\/Festival-Folclorico-do-Amazonas-2-1024x613.jpg\" alt=\"\" class=\"wp-image-1002\" width=\"512\" height=\"307\" srcset=\"https:\/\/jogodopoderam.com\/pavulagemam\/wp-content\/uploads\/2022\/05\/Festival-Folclorico-do-Amazonas-2-1024x613.jpg 1024w, https:\/\/jogodopoderam.com\/pavulagemam\/wp-content\/uploads\/2022\/05\/Festival-Folclorico-do-Amazonas-2-300x179.jpg 300w, https:\/\/jogodopoderam.com\/pavulagemam\/wp-content\/uploads\/2022\/05\/Festival-Folclorico-do-Amazonas-2-768x459.jpg 768w, https:\/\/jogodopoderam.com\/pavulagemam\/wp-content\/uploads\/2022\/05\/Festival-Folclorico-do-Amazonas-2.jpg 1170w\" sizes=\"(max-width: 512px) 100vw, 512px\" \/><figcaption><strong><em>Os brincantes dos grupos folcl\u00f3ricos de Manaus voltam a se apresentar no Festival<\/em><\/strong><\/figcaption><\/figure><\/div>\n\n\n\n<p>Para este ano, 72 grupos folcl\u00f3ricos receber\u00e3o um reajuste de 20% no apoio financeiro, totalizando R$ 976.620,60 em recursos. O valor ser\u00e1 dividido para tr\u00eas grupos da categoria Boi-Bumb\u00e1 Master A, que poder\u00e3o ser contemplados com apoio financeiro de at\u00e9 R$ 109.540,20; 49 grupos na categoria Prata, com valor individual de R$ 12 mil; e 20 grupos da categoria Bronze, com o valor de R$ 3 mil por grupo folcl\u00f3rico.<\/p>\n\n\n\n<p>De acordo com o secret\u00e1rio de Cultura e Economia Criativa do Amazonas, Marcos Apolo Muniz, com o retorno do festival, atendendo determina\u00e7\u00e3o do governador Wilson Lima, o Governo do Estado cumpre o seu dever de gerar emprego e renda por meio da economia criativa.<\/p>\n\n\n\n<p>\u201c\u00c9 um dos principais eventos culturais populares do nosso estado, nosso Festival Folcl\u00f3rico do Amazonas. No ano passado fizemos em forma de live, tivemos uma receptividade muito bacana dos nossos internautas com engajamento muito grande nas redes sociais. Neste ano, o governador injeta mais recursos na economia atrav\u00e9s desse incentivo para os grupos folcl\u00f3ricos. A expectativa \u00e9 grande\u201d, assinala.<\/p>\n\n\n\n<p>O representante e tesoureiro da Liga de Grupos Folcl\u00f3ricos de Manaus, Jos\u00e9 de Arimat\u00e9ia, destacou a import\u00e2ncia do festival para os grupos que aguardavam pela volta das atividades.<\/p>\n\n\n\n<p>\u201cAl\u00e9m de incentivar a divers\u00e3o, esse trabalho \u00e9 social. Depois dessa pandemia, de todo mundo triste, todo mundo mentalmente afetado, n\u00e3o poderia ser um presente melhor pra nossa cidade o retorno do Festival Folcl\u00f3rico na Bola da Suframa, al\u00e9m de gerar emprego e renda\u201d, afirmou Jos\u00e9.<\/p>\n\n\n\n<p><strong>DIVERS\u00c3O<\/strong><\/p>\n\n\n\n<p>Integrante da categoria Prata do Festival Folcl\u00f3rico, a quadrilha Unidos na Ro\u00e7a \u00e9 uma das atra\u00e7\u00f5es confirmadas. O presidente do grupo, Joelson Cavalcante, afirmou que o sentimento \u00e9 de gratid\u00e3o pelo investimento no festival.<\/p>\n\n\n\n<div class=\"wp-block-image is-style-default\"><figure class=\"alignleft size-large is-resized\"><img decoding=\"async\" src=\"https:\/\/pavulagemam.com.br\/wp-content\/uploads\/2022\/05\/Festival-Folclorico-do-Amazonas-4-1024x613.jpg\" alt=\"\" class=\"wp-image-1003\" width=\"512\" height=\"307\" srcset=\"https:\/\/jogodopoderam.com\/pavulagemam\/wp-content\/uploads\/2022\/05\/Festival-Folclorico-do-Amazonas-4-1024x613.jpg 1024w, https:\/\/jogodopoderam.com\/pavulagemam\/wp-content\/uploads\/2022\/05\/Festival-Folclorico-do-Amazonas-4-300x179.jpg 300w, https:\/\/jogodopoderam.com\/pavulagemam\/wp-content\/uploads\/2022\/05\/Festival-Folclorico-do-Amazonas-4-768x459.jpg 768w, https:\/\/jogodopoderam.com\/pavulagemam\/wp-content\/uploads\/2022\/05\/Festival-Folclorico-do-Amazonas-4.jpg 1170w\" sizes=\"(max-width: 512px) 100vw, 512px\" \/><figcaption><strong><em>As quadrilhas s\u00e3o um dos destaques no Festival Folcl\u00f3rico do Amazonas<\/em><\/strong><\/figcaption><\/figure><\/div>\n\n\n\n<p>\u201c\u00c9 um sentimento muito gostoso, grandioso. Depois de dois anos, ver a casa cheia, lotada. Estamos com saudade do pessoal se divertir e brincar. Muita gente vive disso, muitas fam\u00edlias desempregadas, e o Festival Folcl\u00f3rico gera renda para todo mundo. Estamos na ativa de novo\u201d, comemorou Joelson.<\/p>\n\n\n\n<p>Para a sinhazinha do Boi-Bumb\u00e1 Brilhante, Scarlet Cauper, o momento \u00e9 de comemora\u00e7\u00e3o.<\/p>\n\n\n\n<p>\u201cHoje marca um momento por que esperamos dois anos. Agora \u00e9 a prepara\u00e7\u00e3o desde j\u00e1 das indument\u00e1rias. Essa aqui (indument\u00e1ria) \u00e9 linda, mas no festival ser\u00e1 mil vezes melhor. Desde j\u00e1 convido voc\u00ea a vir nos prestigiar. Valer\u00e1 muito a pena\u201d.<\/p>\n","protected":false},"excerpt":{"rendered":"<p>Evento inicia sua 64\u00aa edi\u00e7\u00e3o no dia 12 de junho, voltando a ser realizado no Centro Cultural dos Povos da Amaz\u00f4nia FOTOS: Antonio Lima\/SEC O Governo do Amazonas, em parceria com a Prefeitura de Manaus, anunciou, na noite do domingo (15\/05), o retorno do Festival Folcl\u00f3rico do Amazonas ap\u00f3s dois anos sem atividades presenciais. A [&hellip;]<\/p>\n","protected":false},"author":1,"featured_media":1001,"comment_status":"open","ping_status":"open","sticky":false,"template":"","format":"standard","meta":{"footnotes":""},"categories":[8],"tags":[74,71,72,73],"class_list":["post-1005","post","type-post","status-publish","format-standard","has-post-thumbnail","hentry","category-cultura-e-entretenimento","tag-dancas","tag-festival-folclorico-do-amazonas","tag-festival-manaus","tag-quadrilhas","entry","has-media"],"yoast_head":"<!-- This site is optimized with the Yoast SEO plugin v27.0 - https:\/\/yoast.com\/product\/yoast-seo-wordpress\/ -->\n<title>Governo do Estado anuncia retorno do Festival Folcl\u00f3rico do Amazonas | Pavulagem AM<\/title>\n<meta name=\"robots\" content=\"index, follow, max-snippet:-1, max-image-preview:large, max-video-preview:-1\" \/>\n<link rel=\"canonical\" href=\"https:\/\/jogodopoderam.com\/pavulagemam\/governo-do-estado-anuncia-retorno-do-festival-folclorico-do-amazonas\/\" \/>\n<meta property=\"og:locale\" content=\"pt_BR\" \/>\n<meta property=\"og:type\" content=\"article\" \/>\n<meta property=\"og:title\" content=\"Governo do Estado anuncia retorno do Festival Folcl\u00f3rico do Amazonas | Pavulagem AM\" \/>\n<meta property=\"og:description\" content=\"Evento inicia sua 64\u00aa edi\u00e7\u00e3o no dia 12 de junho, voltando a ser realizado no Centro Cultural dos Povos da Amaz\u00f4nia FOTOS: Antonio Lima\/SEC O Governo do Amazonas, em parceria com a Prefeitura de Manaus, anunciou, na noite do domingo (15\/05), o retorno do Festival Folcl\u00f3rico do Amazonas ap\u00f3s dois anos sem atividades presenciais. A [&hellip;]\" \/>\n<meta property=\"og:url\" content=\"https:\/\/jogodopoderam.com\/pavulagemam\/governo-do-estado-anuncia-retorno-do-festival-folclorico-do-amazonas\/\" \/>\n<meta property=\"og:site_name\" content=\"Pavulagem AM\" \/>\n<meta property=\"article:published_time\" content=\"2022-05-16T14:55:00+00:00\" \/>\n<meta property=\"article:modified_time\" content=\"2022-05-20T00:58:40+00:00\" \/>\n<meta property=\"og:image\" content=\"https:\/\/jogodopoderam.com\/pavulagemam\/wp-content\/uploads\/2022\/05\/Festival-Folclorico-do-Amazonas-1.jpg\" \/>\n\t<meta property=\"og:image:width\" content=\"1170\" \/>\n\t<meta property=\"og:image:height\" content=\"700\" \/>\n\t<meta property=\"og:image:type\" content=\"image\/jpeg\" \/>\n<meta name=\"author\" content=\"Reda\u00e7\u00e3o\" \/>\n<meta name=\"twitter:card\" content=\"summary_large_image\" \/>\n<meta name=\"twitter:label1\" content=\"Escrito por\" \/>\n\t<meta name=\"twitter:data1\" content=\"Reda\u00e7\u00e3o\" \/>\n\t<meta name=\"twitter:label2\" content=\"Est. tempo de leitura\" \/>\n\t<meta name=\"twitter:data2\" content=\"4 minutos\" \/>\n<script type=\"application\/ld+json\" class=\"yoast-schema-graph\">{\"@context\":\"https:\/\/schema.org\",\"@graph\":[{\"@type\":\"Article\",\"@id\":\"https:\/\/jogodopoderam.com\/pavulagemam\/governo-do-estado-anuncia-retorno-do-festival-folclorico-do-amazonas\/#article\",\"isPartOf\":{\"@id\":\"https:\/\/jogodopoderam.com\/pavulagemam\/governo-do-estado-anuncia-retorno-do-festival-folclorico-do-amazonas\/\"},\"author\":{\"name\":\"Reda\u00e7\u00e3o\",\"@id\":\"https:\/\/pavulagemam.com.br\/#\/schema\/person\/41d68b285d977f6bf083c624ade9e0b7\"},\"headline\":\"Governo do Estado anuncia retorno do Festival Folcl\u00f3rico do Amazonas\",\"datePublished\":\"2022-05-16T14:55:00+00:00\",\"dateModified\":\"2022-05-20T00:58:40+00:00\",\"mainEntityOfPage\":{\"@id\":\"https:\/\/jogodopoderam.com\/pavulagemam\/governo-do-estado-anuncia-retorno-do-festival-folclorico-do-amazonas\/\"},\"wordCount\":517,\"commentCount\":0,\"publisher\":{\"@id\":\"https:\/\/pavulagemam.com.br\/#organization\"},\"image\":{\"@id\":\"https:\/\/jogodopoderam.com\/pavulagemam\/governo-do-estado-anuncia-retorno-do-festival-folclorico-do-amazonas\/#primaryimage\"},\"thumbnailUrl\":\"https:\/\/jogodopoderam.com\/pavulagemam\/wp-content\/uploads\/2022\/05\/Festival-Folclorico-do-Amazonas-1.jpg\",\"keywords\":[\"dan\u00e7as\",\"Festival Folcl\u00f3rico do Amazonas\",\"Festival Manaus\",\"quadrilhas\"],\"articleSection\":[\"Cultura &amp; Entretenimento\"],\"inLanguage\":\"pt-BR\",\"potentialAction\":[{\"@type\":\"CommentAction\",\"name\":\"Comment\",\"target\":[\"https:\/\/jogodopoderam.com\/pavulagemam\/governo-do-estado-anuncia-retorno-do-festival-folclorico-do-amazonas\/#respond\"]}]},{\"@type\":\"WebPage\",\"@id\":\"https:\/\/jogodopoderam.com\/pavulagemam\/governo-do-estado-anuncia-retorno-do-festival-folclorico-do-amazonas\/\",\"url\":\"https:\/\/jogodopoderam.com\/pavulagemam\/governo-do-estado-anuncia-retorno-do-festival-folclorico-do-amazonas\/\",\"name\":\"Governo do Estado anuncia retorno do Festival Folcl\u00f3rico do Amazonas | Pavulagem AM\",\"isPartOf\":{\"@id\":\"https:\/\/pavulagemam.com.br\/#website\"},\"primaryImageOfPage\":{\"@id\":\"https:\/\/jogodopoderam.com\/pavulagemam\/governo-do-estado-anuncia-retorno-do-festival-folclorico-do-amazonas\/#primaryimage\"},\"image\":{\"@id\":\"https:\/\/jogodopoderam.com\/pavulagemam\/governo-do-estado-anuncia-retorno-do-festival-folclorico-do-amazonas\/#primaryimage\"},\"thumbnailUrl\":\"https:\/\/jogodopoderam.com\/pavulagemam\/wp-content\/uploads\/2022\/05\/Festival-Folclorico-do-Amazonas-1.jpg\",\"datePublished\":\"2022-05-16T14:55:00+00:00\",\"dateModified\":\"2022-05-20T00:58:40+00:00\",\"breadcrumb\":{\"@id\":\"https:\/\/jogodopoderam.com\/pavulagemam\/governo-do-estado-anuncia-retorno-do-festival-folclorico-do-amazonas\/#breadcrumb\"},\"inLanguage\":\"pt-BR\",\"potentialAction\":[{\"@type\":\"ReadAction\",\"target\":[\"https:\/\/jogodopoderam.com\/pavulagemam\/governo-do-estado-anuncia-retorno-do-festival-folclorico-do-amazonas\/\"]}]},{\"@type\":\"ImageObject\",\"inLanguage\":\"pt-BR\",\"@id\":\"https:\/\/jogodopoderam.com\/pavulagemam\/governo-do-estado-anuncia-retorno-do-festival-folclorico-do-amazonas\/#primaryimage\",\"url\":\"https:\/\/jogodopoderam.com\/pavulagemam\/wp-content\/uploads\/2022\/05\/Festival-Folclorico-do-Amazonas-1.jpg\",\"contentUrl\":\"https:\/\/jogodopoderam.com\/pavulagemam\/wp-content\/uploads\/2022\/05\/Festival-Folclorico-do-Amazonas-1.jpg\",\"width\":1170,\"height\":700,\"caption\":\"Ap\u00f3s dois anos o Festival Folcl\u00f3rico do Amazonas reunindo 72 grupos volta a se apresentar na arena do no Centro Cultural dos Povos da Amaz\u00f4nia\"},{\"@type\":\"BreadcrumbList\",\"@id\":\"https:\/\/jogodopoderam.com\/pavulagemam\/governo-do-estado-anuncia-retorno-do-festival-folclorico-do-amazonas\/#breadcrumb\",\"itemListElement\":[{\"@type\":\"ListItem\",\"position\":1,\"name\":\"In\u00edcio\",\"item\":\"https:\/\/jogodopoderam.com\/pavulagemam\/\"},{\"@type\":\"ListItem\",\"position\":2,\"name\":\"Governo do Estado anuncia retorno do Festival Folcl\u00f3rico do Amazonas\"}]},{\"@type\":\"WebSite\",\"@id\":\"https:\/\/pavulagemam.com.br\/#website\",\"url\":\"https:\/\/pavulagemam.com.br\/\",\"name\":\"Pavulagem AM\",\"description\":\"Cultura e Entretenimento\",\"publisher\":{\"@id\":\"https:\/\/pavulagemam.com.br\/#organization\"},\"potentialAction\":[{\"@type\":\"SearchAction\",\"target\":{\"@type\":\"EntryPoint\",\"urlTemplate\":\"https:\/\/pavulagemam.com.br\/?s={search_term_string}\"},\"query-input\":{\"@type\":\"PropertyValueSpecification\",\"valueRequired\":true,\"valueName\":\"search_term_string\"}}],\"inLanguage\":\"pt-BR\"},{\"@type\":\"Organization\",\"@id\":\"https:\/\/pavulagemam.com.br\/#organization\",\"name\":\"Pavulagem AM\",\"url\":\"https:\/\/pavulagemam.com.br\/\",\"logo\":{\"@type\":\"ImageObject\",\"inLanguage\":\"pt-BR\",\"@id\":\"https:\/\/pavulagemam.com.br\/#\/schema\/logo\/image\/\",\"url\":\"https:\/\/jogodopoderam.com\/pavulagemam\/wp-content\/uploads\/2022\/05\/logo-site.png\",\"contentUrl\":\"https:\/\/jogodopoderam.com\/pavulagemam\/wp-content\/uploads\/2022\/05\/logo-site.png\",\"width\":514,\"height\":120,\"caption\":\"Pavulagem AM\"},\"image\":{\"@id\":\"https:\/\/pavulagemam.com.br\/#\/schema\/logo\/image\/\"}},{\"@type\":\"Person\",\"@id\":\"https:\/\/pavulagemam.com.br\/#\/schema\/person\/41d68b285d977f6bf083c624ade9e0b7\",\"name\":\"Reda\u00e7\u00e3o\",\"image\":{\"@type\":\"ImageObject\",\"inLanguage\":\"pt-BR\",\"@id\":\"https:\/\/pavulagemam.com.br\/#\/schema\/person\/image\/\",\"url\":\"https:\/\/secure.gravatar.com\/avatar\/f1a64a0dcf1aa8ac28abaac3e2d8cbc6d3d26e7ecfe23c65434eab95e68d9cb2?s=96&d=mm&r=g\",\"contentUrl\":\"https:\/\/secure.gravatar.com\/avatar\/f1a64a0dcf1aa8ac28abaac3e2d8cbc6d3d26e7ecfe23c65434eab95e68d9cb2?s=96&d=mm&r=g\",\"caption\":\"Reda\u00e7\u00e3o\"},\"sameAs\":[\"https:\/\/jogodopoderam.com\/pavulagemam\"],\"url\":\"https:\/\/jogodopoderam.com\/pavulagemam\/author\/cel200\/\"}]}<\/script>\n<!-- \/ Yoast SEO plugin. -->","yoast_head_json":{"title":"Governo do Estado anuncia retorno do Festival Folcl\u00f3rico do Amazonas | Pavulagem AM","robots":{"index":"index","follow":"follow","max-snippet":"max-snippet:-1","max-image-preview":"max-image-preview:large","max-video-preview":"max-video-preview:-1"},"canonical":"https:\/\/jogodopoderam.com\/pavulagemam\/governo-do-estado-anuncia-retorno-do-festival-folclorico-do-amazonas\/","og_locale":"pt_BR","og_type":"article","og_title":"Governo do Estado anuncia retorno do Festival Folcl\u00f3rico do Amazonas | Pavulagem AM","og_description":"Evento inicia sua 64\u00aa edi\u00e7\u00e3o no dia 12 de junho, voltando a ser realizado no Centro Cultural dos Povos da Amaz\u00f4nia FOTOS: Antonio Lima\/SEC O Governo do Amazonas, em parceria com a Prefeitura de Manaus, anunciou, na noite do domingo (15\/05), o retorno do Festival Folcl\u00f3rico do Amazonas ap\u00f3s dois anos sem atividades presenciais. A [&hellip;]","og_url":"https:\/\/jogodopoderam.com\/pavulagemam\/governo-do-estado-anuncia-retorno-do-festival-folclorico-do-amazonas\/","og_site_name":"Pavulagem AM","article_published_time":"2022-05-16T14:55:00+00:00","article_modified_time":"2022-05-20T00:58:40+00:00","og_image":[{"width":1170,"height":700,"url":"https:\/\/jogodopoderam.com\/pavulagemam\/wp-content\/uploads\/2022\/05\/Festival-Folclorico-do-Amazonas-1.jpg","type":"image\/jpeg"}],"author":"Reda\u00e7\u00e3o","twitter_card":"summary_large_image","twitter_misc":{"Escrito por":"Reda\u00e7\u00e3o","Est. tempo de leitura":"4 minutos"},"schema":{"@context":"https:\/\/schema.org","@graph":[{"@type":"Article","@id":"https:\/\/jogodopoderam.com\/pavulagemam\/governo-do-estado-anuncia-retorno-do-festival-folclorico-do-amazonas\/#article","isPartOf":{"@id":"https:\/\/jogodopoderam.com\/pavulagemam\/governo-do-estado-anuncia-retorno-do-festival-folclorico-do-amazonas\/"},"author":{"name":"Reda\u00e7\u00e3o","@id":"https:\/\/pavulagemam.com.br\/#\/schema\/person\/41d68b285d977f6bf083c624ade9e0b7"},"headline":"Governo do Estado anuncia retorno do Festival Folcl\u00f3rico do Amazonas","datePublished":"2022-05-16T14:55:00+00:00","dateModified":"2022-05-20T00:58:40+00:00","mainEntityOfPage":{"@id":"https:\/\/jogodopoderam.com\/pavulagemam\/governo-do-estado-anuncia-retorno-do-festival-folclorico-do-amazonas\/"},"wordCount":517,"commentCount":0,"publisher":{"@id":"https:\/\/pavulagemam.com.br\/#organization"},"image":{"@id":"https:\/\/jogodopoderam.com\/pavulagemam\/governo-do-estado-anuncia-retorno-do-festival-folclorico-do-amazonas\/#primaryimage"},"thumbnailUrl":"https:\/\/jogodopoderam.com\/pavulagemam\/wp-content\/uploads\/2022\/05\/Festival-Folclorico-do-Amazonas-1.jpg","keywords":["dan\u00e7as","Festival Folcl\u00f3rico do Amazonas","Festival Manaus","quadrilhas"],"articleSection":["Cultura &amp; Entretenimento"],"inLanguage":"pt-BR","potentialAction":[{"@type":"CommentAction","name":"Comment","target":["https:\/\/jogodopoderam.com\/pavulagemam\/governo-do-estado-anuncia-retorno-do-festival-folclorico-do-amazonas\/#respond"]}]},{"@type":"WebPage","@id":"https:\/\/jogodopoderam.com\/pavulagemam\/governo-do-estado-anuncia-retorno-do-festival-folclorico-do-amazonas\/","url":"https:\/\/jogodopoderam.com\/pavulagemam\/governo-do-estado-anuncia-retorno-do-festival-folclorico-do-amazonas\/","name":"Governo do Estado anuncia retorno do Festival Folcl\u00f3rico do Amazonas | Pavulagem AM","isPartOf":{"@id":"https:\/\/pavulagemam.com.br\/#website"},"primaryImageOfPage":{"@id":"https:\/\/jogodopoderam.com\/pavulagemam\/governo-do-estado-anuncia-retorno-do-festival-folclorico-do-amazonas\/#primaryimage"},"image":{"@id":"https:\/\/jogodopoderam.com\/pavulagemam\/governo-do-estado-anuncia-retorno-do-festival-folclorico-do-amazonas\/#primaryimage"},"thumbnailUrl":"https:\/\/jogodopoderam.com\/pavulagemam\/wp-content\/uploads\/2022\/05\/Festival-Folclorico-do-Amazonas-1.jpg","datePublished":"2022-05-16T14:55:00+00:00","dateModified":"2022-05-20T00:58:40+00:00","breadcrumb":{"@id":"https:\/\/jogodopoderam.com\/pavulagemam\/governo-do-estado-anuncia-retorno-do-festival-folclorico-do-amazonas\/#breadcrumb"},"inLanguage":"pt-BR","potentialAction":[{"@type":"ReadAction","target":["https:\/\/jogodopoderam.com\/pavulagemam\/governo-do-estado-anuncia-retorno-do-festival-folclorico-do-amazonas\/"]}]},{"@type":"ImageObject","inLanguage":"pt-BR","@id":"https:\/\/jogodopoderam.com\/pavulagemam\/governo-do-estado-anuncia-retorno-do-festival-folclorico-do-amazonas\/#primaryimage","url":"https:\/\/jogodopoderam.com\/pavulagemam\/wp-content\/uploads\/2022\/05\/Festival-Folclorico-do-Amazonas-1.jpg","contentUrl":"https:\/\/jogodopoderam.com\/pavulagemam\/wp-content\/uploads\/2022\/05\/Festival-Folclorico-do-Amazonas-1.jpg","width":1170,"height":700,"caption":"Ap\u00f3s dois anos o Festival Folcl\u00f3rico do Amazonas reunindo 72 grupos volta a se apresentar na arena do no Centro Cultural dos Povos da Amaz\u00f4nia"},{"@type":"BreadcrumbList","@id":"https:\/\/jogodopoderam.com\/pavulagemam\/governo-do-estado-anuncia-retorno-do-festival-folclorico-do-amazonas\/#breadcrumb","itemListElement":[{"@type":"ListItem","position":1,"name":"In\u00edcio","item":"https:\/\/jogodopoderam.com\/pavulagemam\/"},{"@type":"ListItem","position":2,"name":"Governo do Estado anuncia retorno do Festival Folcl\u00f3rico do Amazonas"}]},{"@type":"WebSite","@id":"https:\/\/pavulagemam.com.br\/#website","url":"https:\/\/pavulagemam.com.br\/","name":"Pavulagem AM","description":"Cultura e Entretenimento","publisher":{"@id":"https:\/\/pavulagemam.com.br\/#organization"},"potentialAction":[{"@type":"SearchAction","target":{"@type":"EntryPoint","urlTemplate":"https:\/\/pavulagemam.com.br\/?s={search_term_string}"},"query-input":{"@type":"PropertyValueSpecification","valueRequired":true,"valueName":"search_term_string"}}],"inLanguage":"pt-BR"},{"@type":"Organization","@id":"https:\/\/pavulagemam.com.br\/#organization","name":"Pavulagem AM","url":"https:\/\/pavulagemam.com.br\/","logo":{"@type":"ImageObject","inLanguage":"pt-BR","@id":"https:\/\/pavulagemam.com.br\/#\/schema\/logo\/image\/","url":"https:\/\/jogodopoderam.com\/pavulagemam\/wp-content\/uploads\/2022\/05\/logo-site.png","contentUrl":"https:\/\/jogodopoderam.com\/pavulagemam\/wp-content\/uploads\/2022\/05\/logo-site.png","width":514,"height":120,"caption":"Pavulagem AM"},"image":{"@id":"https:\/\/pavulagemam.com.br\/#\/schema\/logo\/image\/"}},{"@type":"Person","@id":"https:\/\/pavulagemam.com.br\/#\/schema\/person\/41d68b285d977f6bf083c624ade9e0b7","name":"Reda\u00e7\u00e3o","image":{"@type":"ImageObject","inLanguage":"pt-BR","@id":"https:\/\/pavulagemam.com.br\/#\/schema\/person\/image\/","url":"https:\/\/secure.gravatar.com\/avatar\/f1a64a0dcf1aa8ac28abaac3e2d8cbc6d3d26e7ecfe23c65434eab95e68d9cb2?s=96&d=mm&r=g","contentUrl":"https:\/\/secure.gravatar.com\/avatar\/f1a64a0dcf1aa8ac28abaac3e2d8cbc6d3d26e7ecfe23c65434eab95e68d9cb2?s=96&d=mm&r=g","caption":"Reda\u00e7\u00e3o"},"sameAs":["https:\/\/jogodopoderam.com\/pavulagemam"],"url":"https:\/\/jogodopoderam.com\/pavulagemam\/author\/cel200\/"}]}},"_links":{"self":[{"href":"https:\/\/jogodopoderam.com\/pavulagemam\/wp-json\/wp\/v2\/posts\/1005","targetHints":{"allow":["GET"]}}],"collection":[{"href":"https:\/\/jogodopoderam.com\/pavulagemam\/wp-json\/wp\/v2\/posts"}],"about":[{"href":"https:\/\/jogodopoderam.com\/pavulagemam\/wp-json\/wp\/v2\/types\/post"}],"author":[{"embeddable":true,"href":"https:\/\/jogodopoderam.com\/pavulagemam\/wp-json\/wp\/v2\/users\/1"}],"replies":[{"embeddable":true,"href":"https:\/\/jogodopoderam.com\/pavulagemam\/wp-json\/wp\/v2\/comments?post=1005"}],"version-history":[{"count":1,"href":"https:\/\/jogodopoderam.com\/pavulagemam\/wp-json\/wp\/v2\/posts\/1005\/revisions"}],"predecessor-version":[{"id":1006,"href":"https:\/\/jogodopoderam.com\/pavulagemam\/wp-json\/wp\/v2\/posts\/1005\/revisions\/1006"}],"wp:featuredmedia":[{"embeddable":true,"href":"https:\/\/jogodopoderam.com\/pavulagemam\/wp-json\/wp\/v2\/media\/1001"}],"wp:attachment":[{"href":"https:\/\/jogodopoderam.com\/pavulagemam\/wp-json\/wp\/v2\/media?parent=1005"}],"wp:term":[{"taxonomy":"category","embeddable":true,"href":"https:\/\/jogodopoderam.com\/pavulagemam\/wp-json\/wp\/v2\/categories?post=1005"},{"taxonomy":"post_tag","embeddable":true,"href":"https:\/\/jogodopoderam.com\/pavulagemam\/wp-json\/wp\/v2\/tags?post=1005"}],"curies":[{"name":"wp","href":"https:\/\/api.w.org\/{rel}","templated":true}]}}